{"id":202,"date":"2017-02-05T19:29:51","date_gmt":"2017-02-05T17:29:51","guid":{"rendered":"http:\/\/pano.szenerien.de\/wordpress\/?p=202"},"modified":"2023-03-11T20:23:40","modified_gmt":"2023-03-11T18:23:40","slug":"jimdo-reflex","status":"publish","type":"post","link":"https:\/\/pano.szenerien.de\/wordpress\/2017\/02\/jimdo-reflex\/","title":{"rendered":"Reflex XTR-Szenerien mit RSK-Crashobjekten"},"content":{"rendered":"<script async src=\"https:\/\/pagead2.googlesyndication.com\/pagead\/js\/adsbygoogle.js?client=ca-pub-7904391862448978\"\r\n     crossorigin=\"anonymous\"><\/script>\r\n\r\n\r\n\r\n<h2><a href=\"https:\/\/www.pano.szenerien.de\/wordpress\/ReflexXTR-Szenerien\/Neue\/Aero-Club%20Bad%20Oldesloe%20v.1949%20e.V.-%20wlp_13\/Aero-Club%20Bad%20Oldesloe%20v.1949%20e.V.-%20wlp_13.zip\"><img loading=\"lazy\" decoding=\"async\" class=\"aligncenter wp-image-1182 size-full\" src=\"https:\/\/pano.szenerien.de\/wordpress\/wp-content\/uploads\/2017\/02\/Aero-Club-Bad-Oldesloe-v.1949-e.V.-wlp_13_Vorschau.jpg\" alt=\"\" width=\"828\" height=\"318\" srcset=\"https:\/\/pano.szenerien.de\/wordpress\/wp-content\/uploads\/2017\/02\/Aero-Club-Bad-Oldesloe-v.1949-e.V.-wlp_13_Vorschau.jpg 828w, https:\/\/pano.szenerien.de\/wordpress\/wp-content\/uploads\/2017\/02\/Aero-Club-Bad-Oldesloe-v.1949-e.V.-wlp_13_Vorschau-300x115.jpg 300w, https:\/\/pano.szenerien.de\/wordpress\/wp-content\/uploads\/2017\/02\/Aero-Club-Bad-Oldesloe-v.1949-e.V.-wlp_13_Vorschau-768x295.jpg 768w, https:\/\/pano.szenerien.de\/wordpress\/wp-content\/uploads\/2017\/02\/Aero-Club-Bad-Oldesloe-v.1949-e.V.-wlp_13_Vorschau-750x288.jpg 750w\" sizes=\"auto, (max-width: 828px) 100vw, 828px\" \/><\/a><\/h2>\r\n<h2><a href=\"https:\/\/www.pano.szenerien.de\/wordpress\/ReflexXTR-Szenerien\/Neue\/Aero-Club%20Bad%20Oldesloe%20v.1949%20e.V.-%20wlp_13\/Aero-Club%20Bad%20Oldesloe%20v.1949%20e.V.-%20wlp_13.zip\">Aero-Club Bad Oldesloe v.1949 e.V.- wlp_13<\/a><\/h2>\r\n<h5>In dieser zip-Datei befinden sich alle Elemente, die man in RSK f\u00fcr eine weitere Bearbeitung ben\u00f6tigt:<\/h5>\r\n<p><img loading=\"lazy\" decoding=\"async\" class=\"aligncenter wp-image-1184 size-full\" src=\"https:\/\/pano.szenerien.de\/wordpress\/wp-content\/uploads\/2017\/02\/RSK-Ordner-Inhalt.jpg.jpg\" alt=\"\" width=\"492\" height=\"280\" srcset=\"https:\/\/pano.szenerien.de\/wordpress\/wp-content\/uploads\/2017\/02\/RSK-Ordner-Inhalt.jpg.jpg 492w, https:\/\/pano.szenerien.de\/wordpress\/wp-content\/uploads\/2017\/02\/RSK-Ordner-Inhalt.jpg-300x171.jpg 300w\" sizes=\"auto, (max-width: 492px) 100vw, 492px\" \/><\/p>\r\n<hr \/>\r\n<h2>Heli-Club Hamburg<\/h2>\r\n<p>Eine Reflex XTR-Szenerie von Werner Goldbaum<\/p>\r\n<figure><\/figure>\r\n<figure><div id='container564_202' style='width:100%; height:535px; position: relative;'><div style='width:100%; height:100%; overflow: hidden; position:relative;'><img src='\/wordpress\/wp-content\/uploads\/2020\/11\/Heli_Club_Hamburg\/preview.jpg' alt='GGPKG Preview Image' onclick='startPlayer564_202();'style='min-width:100%; max-width: 10000px; min-height: 100%; max-height: 10000px; position: absolute;'><img src='\/wordpress\/wp-content\/plugins\/ggpkg-import\/include\/play.png' alt='GGPKG Preview Image' onclick='startPlayer564_202();' style='width: 120px; height: 120px; display: block; top: 207.5px; left: 50%; margin-left: -60px; box-shadow: none; position: absolute;'><\/div><\/div><script type='text\/javascript' src='\/wordpress\/wp-content\/uploads\/2020\/11\/Heli_Club_Hamburg\/pano2vr_player.js'><\/script><script type='text\/javascript' src='\/wordpress\/wp-content\/uploads\/2020\/11\/Heli_Club_Hamburg\/skin.js'><\/script><script type='text\/javascript'>function startPlayer564_202() {if (ggHasHtml5Css3D() || ggHasWebGL()) {if  (typeof Heli_Club_Hamburg_pano2vrPlayer != 'undefined') pano564_202=new Heli_Club_Hamburg_pano2vrPlayer('container564_202');else pano564_202=new pano2vrPlayer('container564_202');if  (typeof Heli_Club_Hamburg_pano2vrSkin != 'undefined') skin564_202=new Heli_Club_Hamburg_pano2vrSkin(pano564_202, '\/wordpress\/wp-content\/uploads\/2020\/11\/Heli_Club_Hamburg\/');else skin564_202=new pano2vrSkin(pano564_202, '\/wordpress\/wp-content\/uploads\/2020\/11\/Heli_Club_Hamburg\/');pano564_202.readConfigUrlAsync('\/wordpress\/wp-content\/uploads\/2020\/11\/Heli_Club_Hamburg\/pano.xml');} else if (swfobject.hasFlashPlayerVersion('10.0.0')) {var flashvars = {};var params = {};function ggXmlReady() { initMap564_202();  };flashvars.externalinterface='1';params.quality = 'high';params.bgcolor = '#ffffff';params.allowscriptaccess = 'sameDomain';params.allowfullscreen = 'true';var attributes = {};attributes.id = 'pano564_202';attributes.name = 'pano564_202';attributes.align = 'middle';flashvars.panoxml= '\/wordpress\/wp-content\/uploads\/2020\/11\/Heli_Club_Hamburg\/pano.xml';flashvars.skinxml= '\/wordpress\/wp-content\/uploads\/2020\/11\/Heli_Club_Hamburg\/skin.xml';params.base='\/wordpress\/wp-content\/uploads\/2020\/11\/Heli_Club_Hamburg\/';swfobject.embedSWF('\/wordpress\/wp-content\/uploads\/2020\/11\/Heli_Club_Hamburg\/\/pano2vr_player.swf', 'container564_202','100%', '535px','10.0.0', '',flashvars, params, attributes);}if (typeof(placeMarkers564_202) !== 'undefined' && typeof(placeMarkers564_202) === 'function')placeMarkers564_202();if (typeof(updateRadar564_202) !== 'undefined' && typeof(updateRadar564_202) === 'function')setInterval(function() { updateRadar564_202(); }, 50);}<\/script><noscript><p><b>Bitte aktivieren Sie Javascript!<\/b><\/p><\/noscript><\/figure>\r\n<p>&nbsp;<\/p>\r\n<p>Zum Download klick auf das Vorschaubild!<\/p>\r\n<figure><\/figure>\r\n<figure class=\"wp-block-image size-large\"><a href=\"https:\/\/www.pano.szenerien.de\/wordpress\/ReflexXTR-Szenerien\/User-Szenerien\/Heli-Club%20Hamburg\/Heli-Club_Hamburg.zip\" target=\"_blank\" rel=\"noopener noreferrer\"><img loading=\"lazy\" decoding=\"async\" width=\"1024\" height=\"391\" class=\"wp-image-546\" src=\"https:\/\/pano.szenerien.de\/wordpress\/wp-content\/uploads\/2020\/11\/Heli-Club_Hamburg-1024x391.jpg\" alt=\"\" srcset=\"https:\/\/pano.szenerien.de\/wordpress\/wp-content\/uploads\/2020\/11\/Heli-Club_Hamburg-1024x391.jpg 1024w, https:\/\/pano.szenerien.de\/wordpress\/wp-content\/uploads\/2020\/11\/Heli-Club_Hamburg-300x114.jpg 300w, https:\/\/pano.szenerien.de\/wordpress\/wp-content\/uploads\/2020\/11\/Heli-Club_Hamburg-768x293.jpg 768w, https:\/\/pano.szenerien.de\/wordpress\/wp-content\/uploads\/2020\/11\/Heli-Club_Hamburg-750x286.jpg 750w, https:\/\/pano.szenerien.de\/wordpress\/wp-content\/uploads\/2020\/11\/Heli-Club_Hamburg.jpg 1250w\" sizes=\"auto, (max-width: 1024px) 100vw, 1024px\" \/><\/a>\r\n<figcaption><a href=\"http:\/\/pano.szenerien.de\/wordpress\/ReflexXTR-Szenerien\/User-Szenerien\/Heli-Club_Hamburg.zip\" target=\"_blank\" rel=\"noreferrer noopener\" data-type=\"URL\" data-id=\"pano.szenerien.de\/wordpress\/ReflexXTR-Szenerien\/User-Szenerien\/Heli-Club_Hamburg.zip\">Heli-Club Hamburg<\/a><br \/><br \/><figure class=\"wp-block-embed wp-block-embed-youtube is-type-video is-provider-youtube epyt-figure\"><div class=\"wp-block-embed__wrapper\"><iframe loading=\"lazy\"  id=\"_ytid_84639\"  width=\"750\" height=\"422\"  data-origwidth=\"750\" data-origheight=\"422\" src=\"https:\/\/www.youtube.com\/embed\/736OyeWXY7I?enablejsapi=1&autoplay=0&cc_load_policy=0&cc_lang_pref=&iv_load_policy=1&loop=0&rel=1&fs=1&playsinline=0&autohide=2&theme=dark&color=red&controls=1&disablekb=0&\" class=\"__youtube_prefs__  no-lazyload\" title=\"YouTube player\"  allow=\"fullscreen; accelerometer; autoplay; clipboard-write; encrypted-media; gyroscope; picture-in-picture; web-share\" referrerpolicy=\"strict-origin-when-cross-origin\" allowfullscreen data-no-lazy=\"1\" data-skipgform_ajax_framebjll=\"\"><\/iframe><\/div><\/figure><br \/><br \/><br \/><br \/><\/figcaption>\r\n<\/figure>\r\n\r\n<h3>\u00a0<\/h3>\r\n<h3>Eine schmale Stra\u00dfe<\/h3>\r\n<p>Starten und Landen auf einer 4,50 m schmalen Asphaltstra\u00dfe. Mit dieser Szenerie &#8222;Sensenm\u00fchle&#8220; kann man das mit den Reflex-Modellen \u00fcben. Und das ist, wie ich schnell gemerkt habe, gar nicht so einfach. Die Richtung mit dem Seitenruder halten ist besonders bei Seitenwind n\u00f6tig. Wenn das Modell hinter dich abgetrieben wird,\u00a0 verschwindet es im Rapsfeld. Das hei\u00dft, noch nicht, denn die Materialeigenschaft und die vielen hochkant stehenden Crashobjekte sind noch nicht angepasst bzw. eingef\u00fcgt. Diese Szenerie habe ich an verschiedenen Tagen mit unterschiedlicher Bew\u00f6lkung und auch bei klar blauem Himmel aufgenommen.<\/p>\r\n<p>Hier ist die noch unvollendete Szenerie zum Testen. \u00dcber R\u00fcckmeldungen, Vorschl\u00e4ge und Mitarbeit freue ich mich wie immer!<\/p>\r\n<p><em>Take-off and landing on a 4.50 m narrow asphalt road. With this scenery &#8222;Sensenm\u00fchle&#8220; you can practice this with the Reflex models. And that is, as I quickly noticed, not so easy at all. Keeping the direction with the rudder is especially necessary in cross wind. If the model is drifted behind you, it disappears into the rape field. That means not yet, because the material properties and the many upright crash objects are not yet adapted or inserted. I took this scenery on different days with different cloudiness and also with clear blue sky.<\/em><\/p>\r\n<p><em>Here is the unfinished scenery for testing. As always, I am happy about feedback, suggestions and cooperation!<\/em><\/p>\r\n<p><a href=\"https:\/\/pano.szenerien.de\/wordpress\/ReflexXTR-Szenerien\/Neue\/Sensenm\u00fchle\/Sensenm%C3%BChle_05.05.20.zip\" target=\"_blank\" rel=\"noopener noreferrer\"><img loading=\"lazy\" decoding=\"async\" class=\"aligncenter wp-image-527 size-full\" src=\"https:\/\/pano.szenerien.de\/wordpress\/wp-content\/uploads\/2017\/02\/Vorschaubild_Sensenm\u00fchle.jpg.jpg\" alt=\"\" width=\"1126\" height=\"426\" srcset=\"https:\/\/pano.szenerien.de\/wordpress\/wp-content\/uploads\/2017\/02\/Vorschaubild_Sensenm\u00fchle.jpg.jpg 1126w, https:\/\/pano.szenerien.de\/wordpress\/wp-content\/uploads\/2017\/02\/Vorschaubild_Sensenm\u00fchle.jpg-300x113.jpg 300w, https:\/\/pano.szenerien.de\/wordpress\/wp-content\/uploads\/2017\/02\/Vorschaubild_Sensenm\u00fchle.jpg-1024x387.jpg 1024w, https:\/\/pano.szenerien.de\/wordpress\/wp-content\/uploads\/2017\/02\/Vorschaubild_Sensenm\u00fchle.jpg-768x291.jpg 768w\" sizes=\"auto, (max-width: 1126px) 100vw, 1126px\" \/><\/a><\/p>\r\n<p><a href=\"https:\/\/pano.szenerien.de\/wordpress\/ReflexXTR-Szenerien\/Neue\/Sensenm\u00fchle\/Sensenm%C3%BChle_05.05.20.zip\" target=\"_blank\" rel=\"noopener noreferrer\">pano.szenerien.de\/wordpress\/ReflexXTR-Szenerien\/Neue\/Sensenm%C3%BChle\/Sensenm%C3%BChle_05.05.20.zip<\/a><\/p>\r\n<hr \/>\r\n<div id='container534_202' style='width:100%; height:535px; position: relative;'><div style='width:100%; height:100%; overflow: hidden; position:relative;'><img src='\/wordpress\/wp-content\/uploads\/2020\/05\/Sensenmuehle\/preview.jpg' alt='GGPKG Preview Image' onclick='startPlayer534_202();'style='min-width:100%; max-width: 10000px; min-height: 100%; max-height: 10000px; position: absolute;'><img src='\/wordpress\/wp-content\/plugins\/ggpkg-import\/include\/play.png' alt='GGPKG Preview Image' onclick='startPlayer534_202();' style='width: 120px; height: 120px; display: block; top: 207.5px; left: 50%; margin-left: -60px; box-shadow: none; position: absolute;'><\/div><\/div><script type='text\/javascript' src='\/wordpress\/wp-content\/uploads\/2020\/05\/Sensenmuehle\/pano2vr_player.js'><\/script><script type='text\/javascript' src='\/wordpress\/wp-content\/uploads\/2020\/05\/Sensenmuehle\/skin.js'><\/script><script type='text\/javascript'>function startPlayer534_202() {if (ggHasHtml5Css3D() || ggHasWebGL()) {if  (typeof Sensenmuehle_pano2vrPlayer != 'undefined') pano534_202=new Sensenmuehle_pano2vrPlayer('container534_202');else pano534_202=new pano2vrPlayer('container534_202');if  (typeof Sensenmuehle_pano2vrSkin != 'undefined') skin534_202=new Sensenmuehle_pano2vrSkin(pano534_202, '\/wordpress\/wp-content\/uploads\/2020\/05\/Sensenmuehle\/');else skin534_202=new pano2vrSkin(pano534_202, '\/wordpress\/wp-content\/uploads\/2020\/05\/Sensenmuehle\/');pano534_202.readConfigUrlAsync('\/wordpress\/wp-content\/uploads\/2020\/05\/Sensenmuehle\/pano.xml');} else if (swfobject.hasFlashPlayerVersion('10.0.0')) {var flashvars = {};var params = {};function ggXmlReady() { initMap534_202();  };flashvars.externalinterface='1';params.quality = 'high';params.bgcolor = '#ffffff';params.allowscriptaccess = 'sameDomain';params.allowfullscreen = 'true';var attributes = {};attributes.id = 'pano534_202';attributes.name = 'pano534_202';attributes.align = 'middle';flashvars.panoxml= '\/wordpress\/wp-content\/uploads\/2020\/05\/Sensenmuehle\/pano.xml';flashvars.skinxml= '\/wordpress\/wp-content\/uploads\/2020\/05\/Sensenmuehle\/skin.xml';params.base='\/wordpress\/wp-content\/uploads\/2020\/05\/Sensenmuehle\/';swfobject.embedSWF('\/wordpress\/wp-content\/uploads\/2020\/05\/Sensenmuehle\/\/pano2vr_player.swf', 'container534_202','100%', '535px','10.0.0', '',flashvars, params, attributes);}if (typeof(placeMarkers534_202) !== 'undefined' && typeof(placeMarkers534_202) === 'function')placeMarkers534_202();if (typeof(updateRadar534_202) !== 'undefined' && typeof(updateRadar534_202) === 'function')setInterval(function() { updateRadar534_202(); }, 50);}<\/script><noscript><p><b>Bitte aktivieren Sie Javascript!<\/b><\/p><\/noscript>\r\n<hr \/>\r\n<figure class=\"wp-block-embed wp-block-embed-youtube is-type-video is-provider-youtube epyt-figure\"><div class=\"wp-block-embed__wrapper\"><iframe loading=\"lazy\"  id=\"_ytid_98669\"  width=\"750\" height=\"422\"  data-origwidth=\"750\" data-origheight=\"422\" src=\"https:\/\/www.youtube.com\/embed\/UZKlwf1QpaE?enablejsapi=1&autoplay=0&cc_load_policy=0&cc_lang_pref=&iv_load_policy=1&loop=0&rel=1&fs=1&playsinline=0&autohide=2&theme=dark&color=red&controls=1&disablekb=0&\" class=\"__youtube_prefs__  no-lazyload\" title=\"YouTube player\"  allow=\"fullscreen; accelerometer; autoplay; clipboard-write; encrypted-media; gyroscope; picture-in-picture; web-share\" referrerpolicy=\"strict-origin-when-cross-origin\" allowfullscreen data-no-lazy=\"1\" data-skipgform_ajax_framebjll=\"\"><\/iframe><\/div><\/figure>\r\n<hr \/>\r\n<p>Neue Szenerie im Entstehen. Bitte das &#8222;Death_Valley.jpg&#8220; &#8211; Bild\u00a0 in das bmp-Format konvertieren.<\/p>\r\n<div id=\"attachment_384\" style=\"width: 769px\" class=\"wp-caption aligncenter\"><a href=\"http:\/\/www.pano.szenerien.de\/wordpress\/wp-content\/Szenerie-Installationen\/Reflex%20XTR\/Death_Valley\/Death%20Valley.zip\"><img loading=\"lazy\" decoding=\"async\" aria-describedby=\"caption-attachment-384\" class=\"wp-image-384 size-full\" src=\"http:\/\/pano.szenerien.de\/wordpress\/wp-content\/uploads\/2017\/09\/Death_Valley-Vorschau.jpg\" alt=\"\" width=\"769\" height=\"298\" srcset=\"https:\/\/pano.szenerien.de\/wordpress\/wp-content\/uploads\/2017\/09\/Death_Valley-Vorschau.jpg 769w, https:\/\/pano.szenerien.de\/wordpress\/wp-content\/uploads\/2017\/09\/Death_Valley-Vorschau-300x116.jpg 300w, https:\/\/pano.szenerien.de\/wordpress\/wp-content\/uploads\/2017\/09\/Death_Valley-Vorschau-768x298.jpg 768w\" sizes=\"auto, (max-width: 769px) 100vw, 769px\" \/><\/a><p id=\"caption-attachment-384\" class=\"wp-caption-text\">Death Valley<\/p><\/div>\r\n<p><script async=\"\" src=\"\/\/pagead2.googlesyndication.com\/pagead\/js\/adsbygoogle.js\"><\/script><br \/><script><br \/>\r\n     (adsbygoogle = window.adsbygoogle || []).push({<br \/>\r\n          google_ad_client: \"ca-pub-7904391862448978\",<br \/>\r\n          enable_page_level_ads: true<br \/>\r\n     });<br \/>\r\n<\/script><\/p>\r\n<p><span style=\"color: #000000;\">Im Jahr 2006 brachte Reflex-Entwickler Stefan Kunde sein lang ersehntes Reflex-Szenerie-Konstruktionsprogramm, kurz: RSK, heraus und stellte es der Reflex-Gemeinde<br \/>kostenlos zum Download zur Verf\u00fcgung. Mit diesem &#8222;m\u00e4chtigen Werkzeug&#8220; &#8211; wie es so sch\u00f6n in der Programmierersprache hei\u00dft &#8211; konnten nun erstmals &#8222;richtige&#8220; Reflex-Szenerien erstellt werden. Wie das<br \/>geht, beschreibt mein<\/span> <a href=\"https:\/\/www.pano.szenerien.de\/wordpress\/RSK-Tutorial\/index_ok.htm\" target=\"_blank\" rel=\"noopener noreferrer\"><strong>RSK-Tutorial<\/strong><\/a>.<\/p>\r\n<p>&nbsp;<\/p>\r\n<div class=\"cc-clear\">\u00a0<\/div>\r\n<div id=\"cc-m-1609479650\" class=\"j-module n j-hr \">\u00a0<\/div>\r\n<div id=\"cc-m-1609502050\" class=\"j-module n j-textWithImage \">\r\n<figure class=\"cc-imagewrapper cc-m-image-align-1\"><a href=\"https:\/\/www.pano.szenerien.de\/wordpress\/ReflexXTR-Szenerien\/Neue\/A21\/A_21.zip\" target=\"_blank\" rel=\"noopener\"><img decoding=\"async\" id=\"cc-m-textwithimage-image-1609502050\" class=\"\" src=\".\/Reflex-RSK-Szenerien - sceneriess jimdo page!_files\/image(1).jpg\" sizes=\"(min-width: 540px) 540px, 100vw\" srcset=\"https:\/\/image.jimcdn.com\/app\/cms\/image\/transf\/dimension=320x1024:format=jpg\/path\/s0d4a395bb0e5ab19\/image\/i611ef32bc71df3b7\/version\/1279362794\/image.jpg 320w, https:\/\/image.jimcdn.com\/app\/cms\/image\/transf\/dimension=540x1024:format=jpg\/path\/s0d4a395bb0e5ab19\/image\/i611ef32bc71df3b7\/version\/1279362794\/image.jpg 540w, https:\/\/image.jimcdn.com\/app\/cms\/image\/transf\/dimension=640x1024:format=jpg\/path\/s0d4a395bb0e5ab19\/image\/i611ef32bc71df3b7\/version\/1279362794\/image.jpg 640w, https:\/\/image.jimcdn.com\/app\/cms\/image\/transf\/none\/path\/s0d4a395bb0e5ab19\/image\/i611ef32bc71df3b7\/version\/1279362794\/image.jpg 800w\" alt=\"\" data-src-width=\"800\" data-src-height=\"307\" data-src=\"https:\/\/image.jimcdn.com\/app\/cms\/image\/transf\/dimension=540x1024:format=jpg\/path\/s0d4a395bb0e5ab19\/image\/i611ef32bc71df3b7\/version\/1279362794\/image.jpg\" data-image-id=\"1237784050\" \/><\/a><\/figure>\r\n<div>\r\n<div id=\"cc-m-textwithimage-1609502050\" class=\"cc-m-textwithimage-inline-rte\" data-name=\"text\" data-action=\"text\">\r\n<p><a href=\"https:\/\/www.pano.szenerien.de\/wordpress\/ReflexXTR-Szenerien\/Neue\/A21\/A_21.zip\" target=\"_blank\" rel=\"noopener noreferrer\"><span style=\"font-size: 20px;\"><strong>A21<\/strong><\/span><\/a><\/p>\r\n<p><span style=\"font-size: 14px;\">\u00a0<\/span><\/p>\r\n<p><span style=\"color: #000000;\"><span style=\"font-size: 12px;\">Da der Platz f\u00fcr Vermessungspanos nicht ausreichte, wurde diese Szenerie ohne solche erstellt.<br \/>Die Entfernungen konnte ich dem Satellitenbild von Google-Earth entnehmen.<br \/>Trotzdem mussten viele Fl\u00e4chen und Objekte in ihrer Ausdehnung und Entfernung abgesch\u00e4tzt werden.<br \/>Die H\u00f6he der Autobahnbr\u00fccke wurde mit 5 m angenommen.<br \/>Versucht mal, unter der Br\u00fccke hindurch zu fliegen!<br \/>Die Spannweite mancher Gro\u00dfmodelle erstreckt sich \u00fcber alle drei Fahrspuren der Autobahn.<br \/>Auf der relativ engen Br\u00fccke k\u00f6nnen nur kleinere Modelle landen.<br \/>Au\u00dfer der Asphalt- und Betonpiste stehen auch die beiden Wiesen als Startorte zur Auswahl.<br \/>Die vielen Gel\u00e4ndemerkmale im RSK nachzubilden, war sehr zeitaufwendig. Bei einer solchen Umgebung kann es immer nur einen Kompromiss geben zwischen der m\u00f6glichst detailgetreuen Wiedergabe aller<br \/>sichtbaren und unsichtbaren Elemente und der Notwendigkeit, im Sinne einer fl\u00fcssig ablaufenden Simulation die Detailtreue in Grenzen zu halten.<br \/>Daher sind nicht alle Landschaftsmerkmale mit Masken und Crashobjekten nachgebildet.<br \/>Verbesserungsvorschl\u00e4ge sind sehr willkommen, denn trotz vieler Probefl\u00fcge konnten nicht alle Ecken und Winkel der Szenerie getestet werden.<\/span><\/span><\/p>\r\n<\/div>\r\n<\/div>\r\n<div class=\"cc-clear\">\u00a0<\/div>\r\n<\/div>\r\n<div id=\"cc-m-1610110850\" class=\"j-module n j-hr \">\u00a0<\/div>\r\n<div id=\"cc-m-1610111350\" class=\"j-module n j-textWithImage \">\r\n<figure class=\"cc-imagewrapper cc-m-image-align-1\"><img decoding=\"async\" id=\"cc-m-textwithimage-image-1610111350\" class=\"\" src=\".\/Reflex-RSK-Szenerien - sceneriess jimdo page!_files\/image(2).jpg\" sizes=\"(min-width: 540px) 540px, 100vw\" srcset=\"https:\/\/image.jimcdn.com\/app\/cms\/image\/transf\/dimension=320x1024:format=jpg\/path\/s0d4a395bb0e5ab19\/image\/i2ad64acb28ebf438\/version\/1279362795\/image.jpg 320w, https:\/\/image.jimcdn.com\/app\/cms\/image\/transf\/dimension=540x1024:format=jpg\/path\/s0d4a395bb0e5ab19\/image\/i2ad64acb28ebf438\/version\/1279362795\/image.jpg 540w, https:\/\/image.jimcdn.com\/app\/cms\/image\/transf\/dimension=640x1024:format=jpg\/path\/s0d4a395bb0e5ab19\/image\/i2ad64acb28ebf438\/version\/1279362795\/image.jpg 640w, https:\/\/image.jimcdn.com\/app\/cms\/image\/transf\/none\/path\/s0d4a395bb0e5ab19\/image\/i2ad64acb28ebf438\/version\/1279362795\/image.jpg 800w\" alt=\"Aero-Club im M\u00e4rz\" data-src-width=\"800\" data-src-height=\"307\" data-src=\"https:\/\/image.jimcdn.com\/app\/cms\/image\/transf\/dimension=540x1024:format=jpg\/path\/s0d4a395bb0e5ab19\/image\/i2ad64acb28ebf438\/version\/1279362795\/image.jpg\" data-image-id=\"1238158050\" \/>\r\n<figcaption style=\"width: 540px;\">Aero-Club im M\u00e4rz<\/figcaption>\r\n<\/figure>\r\n<div>\r\n<div id=\"cc-m-textwithimage-1610111350\" class=\"cc-m-textwithimage-inline-rte\" data-name=\"text\" data-action=\"text\">\r\n<p><a href=\"https:\/\/www.pano.szenerien.de\/wordpress\/ReflexXTR-Szenerien\/Neue\/Aero-Club%20Bad%20Oldesloe%20im%20Maerz%202006\/Aero-Club%20Bad%20Oldesloe%20im%20Maerz%202006.zip\" target=\"_blank\" rel=\"noopener noreferrer\"><strong>Aero-Club Bad<br \/>Oldesloe im M\u00e4rz 2006<\/strong><\/a><\/p>\r\n<p>&nbsp;<\/p>\r\n<p><span style=\"color: #000000;\">Die Frage war: Ist es auch ohne ein 5 kg schweres Stativ und ohne den<br \/>1,5 kg wiegenden Multireihen-Panoramakopf<br \/>m\u00f6glich, eine brauchbare Szenerie zu erstellen?<\/span><\/p>\r\n<p>Wenn man schon bei der freih\u00e4ndigen Aufnahme sorgf\u00e4ltig zu Werke geht<br \/>und die Bilder mit geeigneter Software bearbeitet, klappt auch das, wie die vorliegende Szenerie belegt.<\/p>\r\n<p>Nur ist es sehr viel fummeliger, alles so anzupassen, dass das Panofoto dann mit einer bestehenden wlp-Datei verwendet werden kann. Diese wlp-Datei wird ja, wie die<br \/>meisten inzwischen wissen, vom Programm RSK (Reflex-Szenerie-Konstruktion) erzeugt.<\/p>\r\n<p>Sie ist sozusagen die Steuerungszentrale f\u00fcr die Interaktivit\u00e4t der Szenerie.<\/p>\r\n<p>W\u00e4hrend man f\u00fcr das erste wlp-Projekt drei einzelne Panoramen derselben Szenerie ben\u00f6tigt, die aus unterschiedlichen Winkeln aufgenommen werden m\u00fcssen,<br \/>habe ich f\u00fcr die vorliegende Szenerie nur dieses eine Panorama gefertigt.<\/p>\r\n<p>Zum Gl\u00fcck war auf dem durch das Tauwetter aufgeweichten Platz das Loch im Erdboden noch zu sehen gewesen, das ich mir im Dezember mit einem Stock als Markierung des Stativmittelpunktes gebohrt<br \/>hatte.<br \/>Von diesem Standort aus habe ich dann die Fotoreihen geschossen.<\/p>\r\n<p>Im Sucher meiner neuen Canon EOS 350D half mir die Autofocus-Messanzeige,<br \/>den Horizont waagerecht aufzunehmen. Bei schiefem Horizont wird das Stitchen,<br \/>also das Zusammenf\u00fcgen der einzelnen Bilder durch das Panoramaprogramm, sehr schwierig.<\/p>\r\n<p>Der horizontale Versatz von 30\u00b0 zwischen den einzelnen Bildern kann mit dem Panoramakopf sehr schnell eingestellt werden. Aus freier Hand gelang es mir in der Horizontal-Reihe tats\u00e4chlich, die<br \/>ben\u00f6tigten 12 Bilder zu schie\u00dfen.<\/p>\r\n<p>Beim Himmel hat man wegen der fehlenden Anhaltspunkte schon mal 13 oder 14 Bilder in einer Reihe.<br \/>Alles kein Problem, wenn nur kein Bild fehlt.<\/p>\r\n<p>Durch die ziehenden Wolken entstehen beim Stitchen allerdings einige &#8222;Geisterbilder&#8220;,<br \/>das kann auch ein so gutes Stitching-Programm wie das verwendete PTGui 5.8.1 (beta) nicht verhindern.<br \/>Hier ist einige Nacharbeit erforderlich.<\/p>\r\n<p>Mit dem RSK habe ich dann die wlp-Datei, die von Zinn f\u00fcr die Winterszenerie erarbeitet worden war, angepasst.<br \/>Ge\u00e4ndert wurden die Bodenbeschaffenheit der Start- und Landebahn (sehr kurzes Gras) und der Startpunkt &#8222;vor den F\u00fc\u00dfen&#8220;.<br \/>Dazu noch der Sonnenstand und das ambiente Licht.<\/p>\r\n<\/div>\r\n<\/div>\r\n<div class=\"cc-clear\">\u00a0<\/div>\r\n<\/div>\r\n<div id=\"cc-m-1693895450\" class=\"j-module n j-htmlCode \"><script type=\"text\/javascript\"><br \/>\r\n\/\/<![CDATA[\r\n<script async src=\"\/\/pagead2.googlesyndication.com\/pagead\/js\/adsbygoogle.js\"><\/script> <!-- Einzelner Post: 2 (pano.szenerien.de) --> <ins class=\"adsbygoogle\" style=\"display: block;\" data-ad-client=\"ca-pub-7904391862448978\" data-ad-slot=\"1270558884\" data-ad-format=\"auto\"><\/ins> <script>\r\n(adsbygoogle = window.adsbygoogle || []).push({});<br \/>\r\n<\/script><\/div>\r\n<div id=\"cc-m-1610123250\" class=\"j-module n j-hr \">\u00a0<\/div>\r\n<div id=\"cc-m-1610123650\" class=\"j-module n j-textWithImage \">\r\n<figure class=\"cc-imagewrapper cc-m-image-align-1\"><img decoding=\"async\" id=\"cc-m-textwithimage-image-1610123650\" class=\"\" src=\".\/Reflex-RSK-Szenerien - sceneriess jimdo page!_files\/image(3).jpg\" sizes=\"(min-width: 540px) 540px, 100vw\" srcset=\"https:\/\/image.jimcdn.com\/app\/cms\/image\/transf\/dimension=320x1024:format=jpg\/path\/s0d4a395bb0e5ab19\/image\/i3eb523f472c71ecc\/version\/1279362795\/image.jpg 320w, https:\/\/image.jimcdn.com\/app\/cms\/image\/transf\/dimension=540x1024:format=jpg\/path\/s0d4a395bb0e5ab19\/image\/i3eb523f472c71ecc\/version\/1279362795\/image.jpg 540w, https:\/\/image.jimcdn.com\/app\/cms\/image\/transf\/dimension=640x1024:format=jpg\/path\/s0d4a395bb0e5ab19\/image\/i3eb523f472c71ecc\/version\/1279362795\/image.jpg 640w, https:\/\/image.jimcdn.com\/app\/cms\/image\/transf\/none\/path\/s0d4a395bb0e5ab19\/image\/i3eb523f472c71ecc\/version\/1279362795\/image.jpg 800w\" alt=\"Aero-Club_Bad_Oldesloe_21_05_06\" data-src-width=\"800\" data-src-height=\"307\" data-src=\"https:\/\/image.jimcdn.com\/app\/cms\/image\/transf\/dimension=540x1024:format=jpg\/path\/s0d4a395bb0e5ab19\/image\/i3eb523f472c71ecc\/version\/1279362795\/image.jpg\" data-image-id=\"1238163650\" \/>\r\n<p>&nbsp;<\/p>\r\n<figcaption style=\"width: 540px;\">Aero-Club_Bad_Oldesloe_21_05_06<\/figcaption>\r\n<\/figure>\r\n<div>\r\n<div id=\"cc-m-textwithimage-1610123650\" class=\"cc-m-textwithimage-inline-rte\" data-name=\"text\" data-action=\"text\">\r\n<p><span style=\"color: #000000;\"><a href=\"https:\/\/www.pano.szenerien.de\/wordpress\/ReflexXTR-Szenerien\/Neue\/Aero-Club_21_05_06\/Aero-Club_21_05_06.zip\" target=\"_blank\" rel=\"noopener noreferrer\"><strong>Aero-Club Bad Oldesloe<\/strong><\/a><\/span><\/p>\r\n<p>Modellflugplatz des Aero-Club Bad Oldesloe (aufgenommen am 21.Mai 2006)<\/p>\r\n<p>Schnell zwischen den Regenschauern ( und Bernds Hubschrauberfl\u00fcgen ) noch eine Panoreihe geschossen, nur 48 Bilder, denn die Vermessungspanos hatte ich ja noch von anderen Panoramen. Dass es dann<br \/>doch mehr Anpassungsarbeit geben w\u00fcrde, ahnte ich noch nicht..<\/p>\r\n<p><strong><em>Was mir an diesem Pano besonders gef\u00e4llt:<\/em><\/strong><\/p>\r\n<p>1. Das Licht &#8211; die schon etwas schr\u00e4g stehende Sonne modelliert das Laub der B\u00e4ume und B\u00fcsche sch\u00f6n heraus und die Schatten bringen Tiefe und Kontrast ins Bild.<\/p>\r\n<p><span style=\"color: #000000;\"><br \/>2. Der Himmel &#8211; sch\u00f6ne Sch\u00e4fchenwolken an blauem Himmel, schon wenige Minuten sp\u00e4ter haben sie die grauen Wolken der heranziehenden Schlechtwetterfront vertrieben.<\/span><\/p>\r\n<p><span style=\"color: #000000;\"><br \/>3. Der gem\u00e4hte Rasen, sch\u00f6n gewalzt, und die Maulwurfsh\u00fcgel sind auch plattgemacht!<\/span><\/p>\r\n<p><span style=\"color: #000000;\"><br \/>4. Die wlp-Eigenschaften &#8222;Gras sehr kurz&#8220; und f\u00fcr die anderen Fl\u00e4chen &#8222;Gras, mittellang&#8220;.<\/span><\/p>\r\n<p><span style=\"color: #000000;\"><br \/>5. Die verschiedenen Startorte, die auch einen langen Anlauf ohne langes Hinrollen m\u00f6glich machen.<\/span><\/p>\r\n<p><span style=\"color: #000000;\"><br \/>6. Die Crash-Objekte, die mit vielen Testfl\u00fcgen angepasst wurden und teils sch\u00f6n durchscheinend sind.<\/span><\/p>\r\n<p><span style=\"color: #000000;\"><br \/>7. Das blendende Gegenlicht, das uns auch beim realen Fliegen manchen Anflug aus dieser Richtung erschwert.<\/span><\/p>\r\n<p><span style=\"color: #000000;\"><br \/>8. Die dunklen B\u00fcsche, die das Auge und das Erinnerungsverm\u00f6gen \u00fcben, wenn das Modell sich von ihnen kaum noch farblich abhebt.<\/span><\/p>\r\n<p><span style=\"color: #000000;\"><br \/>9. Das erste Mal habe ich den Modus f\u00fcr den automatischen Wei\u00dfabgleich abgeschaltet und auf Tageslicht eingestellt. Und siehe da, nun ist das Gras sch\u00f6n einheitlich gr\u00fcn!<br \/><strong><em><br \/>Was ich noch nicht besser hingekriegt habe:<\/em><\/strong><\/span><\/p>\r\n<p>1. Die Proportionen des Modells erscheinen teilweise noch zu gro\u00df oder zu klein vor den Hindernissen. Das kann nur durch sehr langwieriges Anpassen der L\u00e4ngen und H\u00f6hen der Fl\u00e4chen optimiert werden.<br \/>Vielleicht mag ja jemand die wlp anpassen?<\/p>\r\n<p><span style=\"color: #000000;\"><br \/>2. Die Sch\u00e4rfe scheint nicht so knackig zu sein wie bei meinen Olympus C 5050 Zoom-Bildern, das Kit-Objektiv 18-55mm ist im Unendlich-Anschlag nicht scharf, das wackelt wie ein L\u00e4mmerschwanz, und man<br \/>muss es sehr vorsichtig zur\u00fcck drehen. Kaum ber\u00fchrt man den Stellring, ist es schon wieder unscharf gestellt. Den Automatik-Focus mag die Kamera bei Himmel- und Bodenaufnahmen gar nicht.<br \/><em><strong><br \/>\u00dcber euer Feedback zu weiteren Punkten freue ich mich immer!<\/strong><\/em><\/span><\/p>\r\n<p><strong><em>Zur Technik:<\/em><\/strong><br \/>Szenerien mit weniger Arbeitsaufwand zu erstellen, ist schwer m\u00f6glich. Bei dieser Mai-Szenerie habe ich einmal versucht, die Vermessungspanoramen einer Tage zuvor erstellten Szenerie wieder zu<br \/>verwenden.<br \/>Dazu habe ich das Stativ genau \u00fcber dem markierten Punkt S0 aufgegestellt und die Kamera auf die gleiche Augenh\u00f6he gebracht. Da ich leider die Punkte S1 und S2 nicht auch am Platz markiert hatte,<br \/>musste ich diese Markierungslampen von der vorherigen Szenerie in das fertige Pano S0 einkopieren. Nur so lassen sich die Punkte, die man f\u00fcr<br \/>die Fl\u00e4chen und Masken braucht, erzeugen.<br \/>Selbst wenn man den gleichen Standort f\u00fcr die Aufnahmereihe des neuen Panos S0 verwendet, gibt es doch wegen der Unterschiede, die das Stitching-Programm in den Gesamtpanos erzeugt, viel<br \/>Zusatzarbeit. Der Horizont muss geradegerichtet und die Horizonth\u00f6he an die Vermessungspanos angepasst werden.<br \/>Wahrscheinlich ist es weniger Aufwand, bei jeder neuen Szenerie auch neue Vermessungspanos mit aufzunehmen.<\/p>\r\n<\/div>\r\n<div id=\"cc-m-1610125850\" class=\"j-module n j-hr \">\u00a0<\/div>\r\n<div id=\"cc-m-1610126450\" class=\"j-module n j-textWithImage \">\r\n<figure class=\"cc-imagewrapper cc-m-image-align-1\"><img decoding=\"async\" id=\"cc-m-textwithimage-image-1610126450\" class=\"\" src=\".\/Reflex-RSK-Szenerien - sceneriess jimdo page!_files\/image(4).jpg\" sizes=\"(min-width: 540px) 540px, 100vw\" srcset=\"https:\/\/image.jimcdn.com\/app\/cms\/image\/transf\/dimension=320x1024:format=jpg\/path\/s0d4a395bb0e5ab19\/image\/i65442712ecd81efe\/version\/1279362795\/image.jpg 320w, https:\/\/image.jimcdn.com\/app\/cms\/image\/transf\/dimension=540x1024:format=jpg\/path\/s0d4a395bb0e5ab19\/image\/i65442712ecd81efe\/version\/1279362795\/image.jpg 540w, https:\/\/image.jimcdn.com\/app\/cms\/image\/transf\/dimension=640x1024:format=jpg\/path\/s0d4a395bb0e5ab19\/image\/i65442712ecd81efe\/version\/1279362795\/image.jpg 640w, https:\/\/image.jimcdn.com\/app\/cms\/image\/transf\/none\/path\/s0d4a395bb0e5ab19\/image\/i65442712ecd81efe\/version\/1279362795\/image.jpg 800w\" alt=\"Aero-Club_Bad_Oldesloe_im_Februar_2006\" data-src-width=\"800\" data-src-height=\"307\" data-src=\"https:\/\/image.jimcdn.com\/app\/cms\/image\/transf\/dimension=540x1024:format=jpg\/path\/s0d4a395bb0e5ab19\/image\/i65442712ecd81efe\/version\/1279362795\/image.jpg\" data-image-id=\"1238165250\" \/>\r\n<p>&nbsp;<\/p>\r\n<figcaption style=\"width: 540px;\">Aero-Club_Bad_Oldesloe_im_Februar_2006<\/figcaption>\r\n<\/figure>\r\n<div>\r\n<div id=\"cc-m-textwithimage-1610126450\" class=\"cc-m-textwithimage-inline-rte\" data-name=\"text\" data-action=\"text\">\r\n<p><span style=\"color: #000000;\"><a href=\"https:\/\/www.pano.szenerien.de\/wordpress\/ReflexXTR-Szenerien\/Neue\/Aero-Club_Bad_Oldesloe_im_Februar_2006\/Aero-Club_Bad_Oldesloe_im_Februar_2006.zip\" target=\"_blank\" rel=\"noopener noreferrer\"><strong>Aero-Club Bad Oldesloe im Februar 2006<\/strong><\/a><\/span><\/p>\r\n<p>Die Wlp hat Zinn erstellt. Sie stammt von der Schneeszenerie und passt hier nicht 100%ig,<br \/>aber es ist ein Versuch, eine einmal erstellte Wlp auch f\u00fcr andere Szenerien zu nutzen,<br \/>ohne dass man dazu weitere Vermessungspanoramen aufnehmen muss.<br \/>Den Standort der Schneeszenerie habe ich mir auf dem Modellflugplatz markiert,<br \/>die \u00c4nderungen ergeben sich nur daraus, dass ich in dieser Szenerie eine andere Kamera benutzt habe<br \/>(Canon EOS 350D).<\/p>\r\n<\/div>\r\n<\/div>\r\n<div class=\"cc-clear\">\u00a0<\/div>\r\n<\/div>\r\n<div id=\"cc-m-1610139850\" class=\"j-module n j-hr \">\u00a0<\/div>\r\n<div id=\"cc-m-1610145850\" class=\"j-module n j-textWithImage \">\r\n<figure class=\"cc-imagewrapper cc-m-image-align-1\"><img decoding=\"async\" id=\"cc-m-textwithimage-image-1610145850\" class=\"\" src=\".\/Reflex-RSK-Szenerien - sceneriess jimdo page!_files\/image(5).jpg\" sizes=\"(min-width: 540px) 540px, 100vw\" srcset=\"https:\/\/image.jimcdn.com\/app\/cms\/image\/transf\/dimension=320x1024:format=jpg\/path\/s0d4a395bb0e5ab19\/image\/iee73db2bd64a45db\/version\/1279362795\/image.jpg 320w, https:\/\/image.jimcdn.com\/app\/cms\/image\/transf\/dimension=540x1024:format=jpg\/path\/s0d4a395bb0e5ab19\/image\/iee73db2bd64a45db\/version\/1279362795\/image.jpg 540w, https:\/\/image.jimcdn.com\/app\/cms\/image\/transf\/dimension=640x1024:format=jpg\/path\/s0d4a395bb0e5ab19\/image\/iee73db2bd64a45db\/version\/1279362795\/image.jpg 640w, https:\/\/image.jimcdn.com\/app\/cms\/image\/transf\/none\/path\/s0d4a395bb0e5ab19\/image\/iee73db2bd64a45db\/version\/1279362795\/image.jpg 800w\" alt=\"Am_Schlossgraben\" data-src-width=\"800\" data-src-height=\"307\" data-src=\"https:\/\/image.jimcdn.com\/app\/cms\/image\/transf\/dimension=540x1024:format=jpg\/path\/s0d4a395bb0e5ab19\/image\/iee73db2bd64a45db\/version\/1279362795\/image.jpg\" data-image-id=\"1238178950\" \/>\r\n<p>&nbsp;<\/p>\r\n<figcaption style=\"width: 540px;\">Am_Schlossgraben<\/figcaption>\r\n<\/figure>\r\n<div>\r\n<div id=\"cc-m-textwithimage-1610145850\" class=\"cc-m-textwithimage-inline-rte\" data-name=\"text\" data-action=\"text\">\r\n<p><span style=\"color: #000000;\"><a href=\"https:\/\/www.pano.szenerien.de\/wordpress\/ReflexXTR-Szenerien\/Neue\/Am_Schlossgraben\/Am_Schlossgraben_neu.zip\" target=\"_blank\" rel=\"noopener noreferrer\"><strong>Dan.s RSK-Bearbeitung des<br \/>Panoramabildes &#8222;Am Schlossgraben&#8220;<\/strong><\/a><\/span><\/p>\r\n<p>Als mich Dan. Brawand vor einigen Monaten fragte, ob ich neue Szenerie-Fotos zur RSK-Bearbeitung f\u00fcr ihn h\u00e4tte, fiel mir gleich die Schlossgraben-Szenerie ein, die ich im vergangenen Winter an einem<br \/>herrlichen Sonnentag aufgenommen hatte.<\/p>\r\n<p>Dieses Panorama des Ahrensburger Schlossgrabens w\u00e4hlte Dan. dann aus einer Anzahl von Bildern aus.<br \/>Es gab aber erst einmal keine Vermessungspanoramen. Das machte Dan.s Arbeit an dem schwierigen Terrain nicht leichter.<\/p>\r\n<p>Mit von mir nachtr\u00e4glich angefertigten Standort- und Vermessungspanoramen hatte Dan. schlie\u00dflich mehr Gel\u00e4ndeinformationen, um die Gr\u00e4ben und die ansteigende Wiese mit ihren Buckeln und Wellen besser<br \/>nachgestalten zu k\u00f6nnen.<\/p>\r\n<p>Google-Earth-Bilder waren sehr n\u00fctzlich f\u00fcr die Einordnung der Bauwerke und die Lagen und L\u00e4ngen der Fl\u00e4chen.<\/p>\r\n<p>Es gibt f\u00fcr diese Szenerie zwei wlp-Dateien. S0.wlp hat &#8222;tiefes Wasser&#8220;, bei dem die Modelle bei Ber\u00fchrung im Wasser versinken, die &#8222;WasserstartS0.wlp&#8220; ist f\u00fcr den Wasserstart und Wasserlandungen<br \/>vorgesehen.<\/p>\r\n<p>Viel Spa\u00df mit der Szenerie w\u00fcnschen<\/p>\r\n<p>Dan. Brawand (RSK-Bearbeitung) und Harald Bendschneider (Panoramen)<\/p>\r\n<p>27.08.2008<\/p>\r\n<\/div>\r\n<\/div>\r\n<div class=\"cc-clear\">\u00a0<\/div>\r\n<\/div>\r\n<div id=\"cc-m-1610156150\" class=\"j-module n j-hr \">\u00a0<\/div>\r\n<div id=\"cc-m-1610164450\" class=\"j-module n j-textWithImage \">\r\n<figure class=\"cc-imagewrapper cc-m-image-align-1\"><img decoding=\"async\" id=\"cc-m-textwithimage-image-1610164450\" class=\"\" src=\".\/Reflex-RSK-Szenerien - sceneriess jimdo page!_files\/image(6).jpg\" sizes=\"(min-width: 540px) 540px, 100vw\" srcset=\"https:\/\/image.jimcdn.com\/app\/cms\/image\/transf\/dimension=320x1024:format=jpg\/path\/s0d4a395bb0e5ab19\/image\/ic8de9b2cb01b02b7\/version\/1279362795\/image.jpg 320w, https:\/\/image.jimcdn.com\/app\/cms\/image\/transf\/dimension=540x1024:format=jpg\/path\/s0d4a395bb0e5ab19\/image\/ic8de9b2cb01b02b7\/version\/1279362795\/image.jpg 540w, https:\/\/image.jimcdn.com\/app\/cms\/image\/transf\/dimension=640x1024:format=jpg\/path\/s0d4a395bb0e5ab19\/image\/ic8de9b2cb01b02b7\/version\/1279362795\/image.jpg 640w, https:\/\/image.jimcdn.com\/app\/cms\/image\/transf\/none\/path\/s0d4a395bb0e5ab19\/image\/ic8de9b2cb01b02b7\/version\/1279362795\/image.jpg 800w\" alt=\"Baggersee\" data-src-width=\"800\" data-src-height=\"307\" data-src=\"https:\/\/image.jimcdn.com\/app\/cms\/image\/transf\/dimension=540x1024:format=jpg\/path\/s0d4a395bb0e5ab19\/image\/ic8de9b2cb01b02b7\/version\/1279362795\/image.jpg\" data-image-id=\"1238186550\" \/>\r\n<p>&nbsp;<\/p>\r\n<figcaption style=\"width: 540px;\">Baggersee<\/figcaption>\r\n<\/figure>\r\n<div>\r\n<div id=\"cc-m-textwithimage-1610164450\" class=\"cc-m-textwithimage-inline-rte\" data-name=\"text\" data-action=\"text\">\r\n<p><span style=\"color: #000000;\"><strong><a href=\"https:\/\/www.pano.szenerien.de\/wordpress\/ReflexXTR-Szenerien\/Neue\/Baggersee\/Baggersee.zip\" target=\"_blank\" rel=\"noopener noreferrer\">Baggersee bei Bargfeld-Stegen (aufgenommen am 13.April<br \/>2006)<\/a><\/strong><\/span><\/p>\r\n<p>Diese See-Szenerie mit austauschbaren Wlp-Dateien kann f\u00fcr rasante Hydro-Foams und andere Wasserflugzeuge genutzt werden (Baggersee_Wasserstart.wlp).<br \/>Daf\u00fcr ist die Wasserfl\u00e4che im RSK als Asphaltbahn, uneben, definiert worden.<br \/>F\u00fcr alle, die beim Torquen bis unter die Wasseroberfl\u00e4che eintauchen m\u00f6gen, gibt es die &#8222;Baggersee_tiefes_Wasser.wlp&#8220;.<strong><br \/><\/strong><\/p>\r\n<\/div>\r\n<\/div>\r\n<div class=\"cc-clear\">\u00a0<\/div>\r\n<\/div>\r\n<div id=\"cc-m-1610195350\" class=\"j-module n j-hr \">\u00a0<\/div>\r\n<div id=\"cc-m-1610195850\" class=\"j-module n j-textWithImage \">\r\n<figure class=\"cc-imagewrapper cc-m-image-align-1\"><img decoding=\"async\" id=\"cc-m-textwithimage-image-1610195850\" class=\"\" src=\".\/Reflex-RSK-Szenerien - sceneriess jimdo page!_files\/image(7).jpg\" sizes=\"(min-width: 540px) 540px, 100vw\" srcset=\"https:\/\/image.jimcdn.com\/app\/cms\/image\/transf\/dimension=320x1024:format=jpg\/path\/s0d4a395bb0e5ab19\/image\/i8e275aa43c47ad6f\/version\/1279362795\/image.jpg 320w, https:\/\/image.jimcdn.com\/app\/cms\/image\/transf\/dimension=540x1024:format=jpg\/path\/s0d4a395bb0e5ab19\/image\/i8e275aa43c47ad6f\/version\/1279362795\/image.jpg 540w, https:\/\/image.jimcdn.com\/app\/cms\/image\/transf\/dimension=640x1024:format=jpg\/path\/s0d4a395bb0e5ab19\/image\/i8e275aa43c47ad6f\/version\/1279362795\/image.jpg 640w, https:\/\/image.jimcdn.com\/app\/cms\/image\/transf\/none\/path\/s0d4a395bb0e5ab19\/image\/i8e275aa43c47ad6f\/version\/1279362795\/image.jpg 800w\" alt=\"Bahnhofsparkplatz\" data-src-width=\"800\" data-src-height=\"307\" data-src=\"https:\/\/image.jimcdn.com\/app\/cms\/image\/transf\/dimension=540x1024:format=jpg\/path\/s0d4a395bb0e5ab19\/image\/i8e275aa43c47ad6f\/version\/1279362795\/image.jpg\" data-image-id=\"1238203650\" \/>\r\n<p>&nbsp;<\/p>\r\n<figcaption style=\"width: 540px;\">Bahnhofsparkplatz<\/figcaption>\r\n<\/figure>\r\n<div>\r\n<div id=\"cc-m-textwithimage-1610195850\" class=\"cc-m-textwithimage-inline-rte\" data-name=\"text\" data-action=\"text\">\r\n<p><span style=\"color: #000000;\"><a href=\"https:\/\/www.pano.szenerien.de\/wordpress\/wp-content\/Szenerie-Installationen\/Reflex%20XTR\/Bahnhofsparkplatz\/Bahnhofsparkplatz.zip\" target=\"_blank\" rel=\"noopener noreferrer\"><strong>Bahnhofsparkplatz in<br \/>Bargteheide<\/strong><\/a><\/span><\/p>\r\n<p>Obwohl ich bei dieser Szenerie-Aufnahmereihe mit einigen technischen Schwierigkeiten zu k\u00e4mpfen hatte, fand ich das Stitch-Ergebnis doch noch so reizvoll, dass ich mich mit Hoddes RSKr\u00fccke 106,<br \/>seiner Kopierhilfe und dem RSK von Reflex daran gemacht habe, eine m\u00f6glichst realistisch wirkende Szenerie daraus zu machen.<br \/>Die Realisierung hat mehr als eine Woche gedauert. 215 Punkte, 128 Fl\u00e4chen und 34 Masken waren zu erstellen.<br \/>Viele davon mussten immer wieder getestet und neu angepasst werden. Trotz aller M\u00fche gibt es nat\u00fcrlich immer noch ein paar Ecken, die nicht so genau funktionieren, wie ich es mir eigentlich<br \/>vorgestellt habe.<br \/>Doch die meisten Crash-Objekte sind, so meine ich, sehr sch\u00f6n gelungen. Und so macht es mir immer wieder riesigen Spa\u00df, zwischen den B\u00e4umen hindurch zu fliegen, hinter den H\u00e4usern zu verschwinden, um<br \/>dann irgendwo wieder aufzutauchen und die Laternen zu umkreisen.<br \/>Ich freue mich auf euer Feedback! Schreibt mir, wenn ihr noch Fehler entdeckt. Aber auch, was euch besonderen Spa\u00df macht.<br \/>Vielleicht m\u00f6gen die RSK-Kundigen unter euch auch noch etwas an der wlp feilen?<\/p>\r\n<\/div>\r\n<\/div>\r\n<div class=\"cc-clear\">\u00a0<\/div>\r\n<\/div>\r\n<div id=\"cc-m-1610229450\" class=\"j-module n j-hr \">\u00a0<\/div>\r\n<div id=\"cc-m-1610241050\" class=\"j-module n j-textWithImage \">\r\n<figure class=\"cc-imagewrapper cc-m-image-align-1\"><img decoding=\"async\" id=\"cc-m-textwithimage-image-1610241050\" class=\"\" src=\".\/Reflex-RSK-Szenerien - sceneriess jimdo page!_files\/image(8).jpg\" sizes=\"(min-width: 540px) 540px, 100vw\" srcset=\"https:\/\/image.jimcdn.com\/app\/cms\/image\/transf\/dimension=320x1024:format=jpg\/path\/s0d4a395bb0e5ab19\/image\/ia99a919742da44e5\/version\/1279362795\/image.jpg 320w, https:\/\/image.jimcdn.com\/app\/cms\/image\/transf\/dimension=540x1024:format=jpg\/path\/s0d4a395bb0e5ab19\/image\/ia99a919742da44e5\/version\/1279362795\/image.jpg 540w, https:\/\/image.jimcdn.com\/app\/cms\/image\/transf\/dimension=640x1024:format=jpg\/path\/s0d4a395bb0e5ab19\/image\/ia99a919742da44e5\/version\/1279362795\/image.jpg 640w, https:\/\/image.jimcdn.com\/app\/cms\/image\/transf\/none\/path\/s0d4a395bb0e5ab19\/image\/ia99a919742da44e5\/version\/1279362795\/image.jpg 800w\" alt=\"Flughafen Heringsdorf\" data-src-width=\"800\" data-src-height=\"307\" data-src=\"https:\/\/image.jimcdn.com\/app\/cms\/image\/transf\/dimension=540x1024:format=jpg\/path\/s0d4a395bb0e5ab19\/image\/ia99a919742da44e5\/version\/1279362795\/image.jpg\" data-image-id=\"1238226350\" \/>\r\n<p>&nbsp;<\/p>\r\n<figcaption style=\"width: 540px;\">Flughafen Heringsdorf<\/figcaption>\r\n<\/figure>\r\n<div>\r\n<div id=\"cc-m-textwithimage-1610241050\" class=\"cc-m-textwithimage-inline-rte\" data-name=\"text\" data-action=\"text\">\r\n<p><span style=\"color: #000000;\"><a href=\"https:\/\/www.pano.szenerien.de\/wordpress\/wp-content\/Szenerie-Installationen\/Reflex%20XTR\/Flughafen%20Heringsdorf\/Flughafen_Heringsdorf.zip\" target=\"_blank\" rel=\"noopener noreferrer\"><strong>Flughafen<br \/>Heringsdorf<\/strong><\/a><\/span><\/p>\r\n<p><script async=\"\" src=\"\/\/pagead2.googlesyndication.com\/pagead\/js\/adsbygoogle.js\"><\/script><br \/><!-- Einzelner Post: 2 (pano.szenerien.de) --><br \/><ins class=\"adsbygoogle\" style=\"display: block;\" data-ad-client=\"ca-pub-7904391862448978\" data-ad-slot=\"1270558884\" data-ad-format=\"auto\"><\/ins><br \/><script><br \/>\r\n(adsbygoogle = window.adsbygoogle || []).push({});<br \/>\r\n<\/script><\/p>\r\n<p>Nach f\u00fcnf herrlichen Sonnentagen im ungew\u00f6hnlich warmen Oktober war das Wetter gerade umgeschlagen.<br \/>In einer kurzen Regenpause entstanden die Fotos dieser Flughafenszenerie.<\/p>\r\n<p><span style=\"color: #000000;\">Schon 15 Minuten sp\u00e4ter startete die Antonow AN-2, der gr\u00f6\u00dfte einmotorige Doppeldecker der Welt, mit neun Passagieren zu einem Rundflug \u00fcber die Insel Usedom.<\/span><\/p>\r\n<p>Zur wlp:<br \/>Die Grundfl\u00e4che, an die ich weitere Fl\u00e4chen ansetzen konnte, stammt von Horst Lenkeit. Vielen Dank, Hodde, f\u00fcr deine schnelle Hilfe!<br \/>Eine Sicherheitszone gibt es nicht. In der Realit\u00e4t sch\u00fctzt ja auch kein rot-wei\u00df gestreiftes, am Himmel aufgespanntes Tuch vor Zonen, die besser zu meiden sind.<br \/>Es stehen etliche Startpositionen zur Auswahl. Die gro\u00dfen Verkehrsflugzeuge haben ausreichend lange Startbahnen.<\/p>\r\n<\/div>\r\n<\/div>\r\n<div class=\"cc-clear\">\u00a0<\/div>\r\n<\/div>\r\n<div id=\"cc-m-1610258250\" class=\"j-module n j-hr \">\u00a0<\/div>\r\n<div id=\"cc-m-1610266350\" class=\"j-module n j-hr \">\u00a0<\/div>\r\n<div id=\"cc-m-1610266950\" class=\"j-module n j-textWithImage \">\r\n<figure class=\"cc-imagewrapper cc-m-image-align-1\"><img decoding=\"async\" id=\"cc-m-textwithimage-image-1610266950\" class=\"\" src=\".\/Reflex-RSK-Szenerien - sceneriess jimdo page!_files\/image(9).jpg\" sizes=\"(min-width: 540px) 540px, 100vw\" srcset=\"https:\/\/image.jimcdn.com\/app\/cms\/image\/transf\/dimension=320x1024:format=jpg\/path\/s0d4a395bb0e5ab19\/image\/i20dd9c593836e107\/version\/1279362796\/image.jpg 320w, https:\/\/image.jimcdn.com\/app\/cms\/image\/transf\/dimension=540x1024:format=jpg\/path\/s0d4a395bb0e5ab19\/image\/i20dd9c593836e107\/version\/1279362796\/image.jpg 540w, https:\/\/image.jimcdn.com\/app\/cms\/image\/transf\/dimension=640x1024:format=jpg\/path\/s0d4a395bb0e5ab19\/image\/i20dd9c593836e107\/version\/1279362796\/image.jpg 640w, https:\/\/image.jimcdn.com\/app\/cms\/image\/transf\/none\/path\/s0d4a395bb0e5ab19\/image\/i20dd9c593836e107\/version\/1279362796\/image.jpg 800w\" alt=\"Flugplatz von Peenem\u00fcnde\" data-src-width=\"800\" data-src-height=\"307\" data-src=\"https:\/\/image.jimcdn.com\/app\/cms\/image\/transf\/dimension=540x1024:format=jpg\/path\/s0d4a395bb0e5ab19\/image\/i20dd9c593836e107\/version\/1279362796\/image.jpg\" data-image-id=\"1238242150\" \/>\r\n<p>&nbsp;<\/p>\r\n<figcaption style=\"width: 540px;\">Flugplatz von Peenem\u00fcnde<\/figcaption>\r\n<\/figure>\r\n<div>\r\n<div id=\"cc-m-textwithimage-1610266950\" class=\"cc-m-textwithimage-inline-rte\" data-name=\"text\" data-action=\"text\">\r\n<p><span style=\"color: #000000;\"><a href=\"https:\/\/www.pano.szenerien.de\/wordpress\/wp-content\/Szenerie-Installationen\/Reflex%20XTR\/Flugplatz_von_Peenemuende\/Flugplatz_von_Peenemuende.zip\" target=\"_blank\" rel=\"noopener noreferrer\"><strong>Flugplatz von<br \/>Peenem\u00fcnde<\/strong><\/a><\/span><\/p>\r\n<p>Einen Zwischenstopp auf dem Weg zum Peenem\u00fcnder Raketenversuchsgel\u00e4nde w\u00e4hrend unseres Usedom-Aufenthalts nutzte ich f\u00fcr die schnellen Szenerie-Aufnahmen auf diesem verlassen daliegenden Peenem\u00fcnder<br \/>Flugplatz. Es war noch fr\u00fch am Morgen und das kleine Flugzeug-Museum war noch geschlossen. Im Hintergrund sieht man die Altreifen-Abtrennungen der Go-Kart-Bahn. Hier kann man hervorragend mit Jets<br \/>fliegen!<\/p>\r\n<\/div>\r\n<\/div>\r\n<div class=\"cc-clear\">\u00a0<\/div>\r\n<\/div>\r\n<div id=\"cc-m-1610274050\" class=\"j-module n j-hr \">\u00a0<\/div>\r\n<div id=\"cc-m-1610274250\" class=\"j-module n j-textWithImage \">\r\n<figure class=\"cc-imagewrapper cc-m-image-align-1\"><img decoding=\"async\" id=\"cc-m-textwithimage-image-1610274250\" class=\"\" src=\".\/Reflex-RSK-Szenerien - sceneriess jimdo page!_files\/image(10).jpg\" sizes=\"(min-width: 540px) 540px, 100vw\" srcset=\"https:\/\/image.jimcdn.com\/app\/cms\/image\/transf\/dimension=320x1024:format=jpg\/path\/s0d4a395bb0e5ab19\/image\/i58b6c9a2371b7afc\/version\/1279362796\/image.jpg 320w, https:\/\/image.jimcdn.com\/app\/cms\/image\/transf\/dimension=540x1024:format=jpg\/path\/s0d4a395bb0e5ab19\/image\/i58b6c9a2371b7afc\/version\/1279362796\/image.jpg 540w, https:\/\/image.jimcdn.com\/app\/cms\/image\/transf\/dimension=640x1024:format=jpg\/path\/s0d4a395bb0e5ab19\/image\/i58b6c9a2371b7afc\/version\/1279362796\/image.jpg 640w, https:\/\/image.jimcdn.com\/app\/cms\/image\/transf\/none\/path\/s0d4a395bb0e5ab19\/image\/i58b6c9a2371b7afc\/version\/1279362796\/image.jpg 800w\" alt=\"Holstenhalle\" data-src-width=\"800\" data-src-height=\"307\" data-src=\"https:\/\/image.jimcdn.com\/app\/cms\/image\/transf\/dimension=540x1024:format=jpg\/path\/s0d4a395bb0e5ab19\/image\/i58b6c9a2371b7afc\/version\/1279362796\/image.jpg\" data-image-id=\"1238247150\" \/>\r\n<p>&nbsp;<\/p>\r\n<figcaption style=\"width: 540px;\">Holstenhalle<\/figcaption>\r\n<\/figure>\r\n<div>\r\n<div id=\"cc-m-textwithimage-1610274250\" class=\"cc-m-textwithimage-inline-rte\" data-name=\"text\" data-action=\"text\">\r\n<p><span style=\"color: #000000;\"><a href=\"https:\/\/www.pano.szenerien.de\/wordpress\/wp-content\/Szenerie-Installationen\/Reflex%20XTR\/Holstenhalle\/Holstenhalle.zip\" target=\"_blank\" rel=\"noopener noreferrer\"><strong>Holstenhalle in Neum\u00fcnster<\/strong><\/a><\/span><\/p>\r\n<p>Auf der Modellbaumesse in Neum\u00fcnster war ein Bereich der Halle 5 f\u00fcr die Modellflieger abgetrennt.<br \/>Der Modellsportclub Krogaspe e.V. hatte viele Slowflyer- und Indoor-Piloten eingeladen, die ein buntes Programm abspulten, wie immer fachkundig und locker moderiert von Michael Eckert.<br \/>In knapp einer Viertelstunde gab es die Gelegenheit, die drei Panorama-Fotoreihen aufzunehmen.<br \/>Ohne das neue, schwere Stativ und den professionellen Manfrotto-Panoramakopf f\u00fcr sph\u00e4rische, mehrreihige Panoramen w\u00e4re es nicht m\u00f6glich gewesen, die ben\u00f6tigten 144 Aufnahmen zu schie\u00dfen. Die neue<br \/>Canon EOS 350D mit einer sehr schnellen 2 GB CF-Speicherkarte hat diese Aufgabe ebenso blendend gemeistert.<br \/>Dass diese Szenerie erst einige Wochen danach gebrauchs-, aber immer noch verbesserungsf\u00e4hig zur Verf\u00fcgung steht, liegt an der aufwendigen Bearbeitung mit dem RSK<br \/>(Reflex-Szenerie-Konstruktionsprogramm).<br \/>Ohne Horst Lenkeits hilfreiches Hilfsprogramm &#8222;RSKr\u00fccke 106&#8220; w\u00e4re diese Arbeit kaum m\u00f6glich gewesen.<br \/>Da das RSK sehr hohe Anforderungen an die Grafikkarte stellt, hat Horst ein Programm geschrieben, mit dem die vielen Punkte leichter zu erstellen und ins RSK zu importieren sind.<br \/>Verglichen mit der sehr detaillierten Ausgestaltung der Hallengeometrie und der Crashobjekte der Stormarn-Halle, an der Horst mehrere Wochen intensiv gearbeitet hat, habe ich die Holstenhallen-wlp<br \/>einfacher gehalten.<br \/>Daher m\u00f6chte ich auch alle RSKler ermuntern, an dieser Halle weiter zu arbeiten.<br \/>Die Tr\u00e4ger des Hallendachs k\u00f6nnten z.B. noch ausgearbeitet werden. Falls sich also noch jemand mit der wlp-Datei besch\u00e4ftigen m\u00f6chte, nur zu! \u00dcber eine kurze Nachricht w\u00fcrde ich mich<br \/>freuen.<\/p>\r\n<\/div>\r\n<\/div>\r\n<div class=\"cc-clear\">\u00a0<\/div>\r\n<\/div>\r\n<div id=\"cc-m-1610289250\" class=\"j-module n j-hr \">\u00a0<\/div>\r\n<div id=\"cc-m-1610289450\" class=\"j-module n j-textWithImage \">\r\n<figure class=\"cc-imagewrapper cc-m-image-align-1\"><img decoding=\"async\" id=\"cc-m-textwithimage-image-1610289450\" class=\"\" src=\".\/Reflex-RSK-Szenerien - sceneriess jimdo page!_files\/image(11).jpg\" sizes=\"(min-width: 540px) 540px, 100vw\" srcset=\"https:\/\/image.jimcdn.com\/app\/cms\/image\/transf\/dimension=320x1024:format=jpg\/path\/s0d4a395bb0e5ab19\/image\/i9d6d7b72fc3eabc6\/version\/1279362796\/image.jpg 320w, https:\/\/image.jimcdn.com\/app\/cms\/image\/transf\/dimension=540x1024:format=jpg\/path\/s0d4a395bb0e5ab19\/image\/i9d6d7b72fc3eabc6\/version\/1279362796\/image.jpg 540w, https:\/\/image.jimcdn.com\/app\/cms\/image\/transf\/dimension=640x1024:format=jpg\/path\/s0d4a395bb0e5ab19\/image\/i9d6d7b72fc3eabc6\/version\/1279362796\/image.jpg 640w, https:\/\/image.jimcdn.com\/app\/cms\/image\/transf\/none\/path\/s0d4a395bb0e5ab19\/image\/i9d6d7b72fc3eabc6\/version\/1279362796\/image.jpg 800w\" alt=\"Kraftwerkshalle in Peenem\u00fcnde\" data-src-width=\"800\" data-src-height=\"307\" data-src=\"https:\/\/image.jimcdn.com\/app\/cms\/image\/transf\/dimension=540x1024:format=jpg\/path\/s0d4a395bb0e5ab19\/image\/i9d6d7b72fc3eabc6\/version\/1279362796\/image.jpg\" data-image-id=\"1238255450\" \/>\r\n<p>&nbsp;<\/p>\r\n<figcaption style=\"width: 540px;\">Kraftwerkshalle in Peenem\u00fcnde<\/figcaption>\r\n<\/figure>\r\n<div>\r\n<div id=\"cc-m-textwithimage-1610289450\" class=\"cc-m-textwithimage-inline-rte\" data-name=\"text\" data-action=\"text\">\r\n<p><span style=\"color: #000000;\"><a href=\"https:\/\/www.pano.szenerien.de\/wordpress\/wp-content\/Szenerie-Installationen\/Reflex%20XTR\/Kraftwerkshalle_in_Peenemuende\/Kraftwerkshalle_in_Peenemuende.zip\" target=\"_blank\" rel=\"noopener noreferrer\"><strong>Alte<br \/>Kraftwerkshalle in Peenem\u00fcnde<\/strong><\/a><\/span><\/p>\r\n<p>Diese ehemalige Kraftwerkshalle stammt noch aus den Zeiten, in denen in Peenem\u00fcnde die V1- und V2 &#8211; Raketen entwickelt, gebaut und getestet wurden.<br \/>Heute ist sie Teil des historisch-technischen Informationszentrums Peenem\u00fcnde (HTI).<br \/>Seit 1991 ist hier in der Bunkerwarte und dem Areal des ehemaligen Kraftwerks in Peenem\u00fcnde auf der Insel Usedom im Osten des Landes Mecklenburg-Vorpommern ein Museum eingerichtet, das sich mit der<br \/>Geschichte der Heeresversuchsanstalt Peenem\u00fcnde und der Erprobungsstelle der Luftwaffe &#8222;Peenem\u00fcnde-West&#8220;, insbesondere der dort zwischen 1936 und 1945 entwickelten Raketen und anderen Flugk\u00f6rpern<br \/>befasst.<br \/>(nach Wikipedia)<br \/><a href=\"http:\/\/commons.wikimedia.org\/wiki\/File:Peenemuende_museum_03.jpg\" target=\"_blank\" rel=\"noopener noreferrer\"><strong>Link zur Au\u00dfenansicht<\/strong><\/a><br \/>Zur S0.jpg und zur wlp:<br \/>Dies Freihandpanorama hat nicht die Pr\u00e4zision, die mit Stativaufnahmen m\u00f6glich ist. Daher mussten viele Stellen retuschiert und angepasst werden.<br \/>Vermessungspanoramen gab es nicht, denn ich hatte die schwere Foto-Ausr\u00fcstung nicht dabei.<br \/>Daher sind die Entfernungen und alle Crashobjekte nur durch Sch\u00e4tzen und Probefliegen ermittelt worden.<\/p>\r\n<div id=\"cc-m-1610300450\" class=\"j-module n j-hr \">\u00a0<\/div>\r\n<div id=\"cc-m-1610306250\" class=\"j-module n j-textWithImage \">\r\n<figure class=\"cc-imagewrapper cc-m-image-align-1\"><img decoding=\"async\" id=\"cc-m-textwithimage-image-1610306250\" class=\"\" src=\".\/Reflex-RSK-Szenerien - sceneriess jimdo page!_files\/image(12).jpg\" sizes=\"(min-width: 540px) 540px, 100vw\" srcset=\"https:\/\/image.jimcdn.com\/app\/cms\/image\/transf\/dimension=320x1024:format=jpg\/path\/s0d4a395bb0e5ab19\/image\/ifeaa39eab536b8fc\/version\/1279362796\/image.jpg 320w, https:\/\/image.jimcdn.com\/app\/cms\/image\/transf\/dimension=540x1024:format=jpg\/path\/s0d4a395bb0e5ab19\/image\/ifeaa39eab536b8fc\/version\/1279362796\/image.jpg 540w, https:\/\/image.jimcdn.com\/app\/cms\/image\/transf\/dimension=640x1024:format=jpg\/path\/s0d4a395bb0e5ab19\/image\/ifeaa39eab536b8fc\/version\/1279362796\/image.jpg 640w, https:\/\/image.jimcdn.com\/app\/cms\/image\/transf\/none\/path\/s0d4a395bb0e5ab19\/image\/ifeaa39eab536b8fc\/version\/1279362796\/image.jpg 800w\" alt=\"MBG Bargteheide\" data-src-width=\"800\" data-src-height=\"307\" data-src=\"https:\/\/image.jimcdn.com\/app\/cms\/image\/transf\/dimension=540x1024:format=jpg\/path\/s0d4a395bb0e5ab19\/image\/ifeaa39eab536b8fc\/version\/1279362796\/image.jpg\" data-image-id=\"1238264150\" \/>\r\n<p>&nbsp;<\/p>\r\n<figcaption style=\"width: 540px;\">MBG Bargteheide<\/figcaption>\r\n<\/figure>\r\n<div>\r\n<div id=\"cc-m-textwithimage-1610306250\" class=\"cc-m-textwithimage-inline-rte\" data-name=\"text\" data-action=\"text\">\r\n<p><span style=\"color: #000000;\"><a href=\"https:\/\/www.pano.szenerien.de\/wordpress\/wp-content\/Szenerie-Installationen\/Reflex%20XTR\/MBG-Bargteheide\/MBG-BargteheideReflex.zip\" target=\"_blank\" rel=\"noopener noreferrer\"><strong>Modellflugplatz der Modellbaugruppe<br \/>Bargteheide (MBG) bei Bargfeld-Stegen<\/strong><\/a><\/span><\/p>\r\n<p>Als Dan. mich um Szenerie-Panoramen bat, die er mit dem Reflex-Szeneriekonstruktionsprogramm (RSK) bearbeiten wollte, fiel mir gleich mein liegen gebliebenes Projekt des MBG-Modellflugplatzes<br \/>ein.<br \/>Mit gro\u00dfer Begeisterung machte sich Dan. in der Folgezeit an die Arbeit.<br \/>Nach einigen Wochen und vielen Versionen hat Dan. diese wundersch\u00f6ne Szenerie fertiggestellt.<br \/>Dabei musste Dan. teilweise schon ausgearbeitete Fl\u00e4chen und Masken wieder zur\u00fcckbauen, um die Simulationsgeschwindigkeit in Bereichen hoher Detail- und Realit\u00e4tstreue nicht unn\u00f6tig herab zu<br \/>setzen.<br \/>33 Masken und 913 Fl\u00e4chen in Verbindung mit 587 Punkten! Diese Zahlen sprechen f\u00fcr sich.<br \/>Viele gut platzierte Startorte machen diese Szenerie so abwechslungsreich und erh\u00f6hen den \u00dcbungswert f\u00fcr den Modellpiloten.<br \/>Die sehr detailliert ausgearbeitete Oberfl\u00e4chenmodellierung im Bereich der Sand- und Kiesh\u00fcgel l\u00e4dt geradezu ein, seine Flugk\u00fcnste dort auszutesten. Wie w\u00e4r&#8217;s z.B. mit einem Looping um das<br \/>F\u00f6rderband?<br \/>Damit auch Wasserstart vom nahen Baggersee m\u00f6glich ist, hat Burkhard Erdlenbruch die Wasserfl\u00e4che realit\u00e4tsnah bearbeitet.<\/p>\r\n<p>Viel Spa\u00df mit der Szenerie w\u00fcnschen<\/p>\r\n<p>Harald Bendschneider, Dan. Brawand und Burkhard Erdlenbruch<\/p>\r\n<p>10.04.2008<\/p>\r\n<\/div>\r\n<\/div>\r\n<div class=\"cc-clear\">\u00a0<\/div>\r\n<\/div>\r\n<div id=\"cc-m-1610315650\" class=\"j-module n j-hr \">\u00a0<\/div>\r\n<div id=\"cc-m-1610316050\" class=\"j-module n j-textWithImage \">\r\n<figure class=\"cc-imagewrapper cc-m-image-align-1\"><img decoding=\"async\" id=\"cc-m-textwithimage-image-1610316050\" class=\"\" src=\".\/Reflex-RSK-Szenerien - sceneriess jimdo page!_files\/image(13).jpg\" sizes=\"(min-width: 540px) 540px, 100vw\" srcset=\"https:\/\/image.jimcdn.com\/app\/cms\/image\/transf\/dimension=320x1024:format=jpg\/path\/s0d4a395bb0e5ab19\/image\/i2abe692ae80a06e3\/version\/1279362796\/image.jpg 320w, https:\/\/image.jimcdn.com\/app\/cms\/image\/transf\/dimension=540x1024:format=jpg\/path\/s0d4a395bb0e5ab19\/image\/i2abe692ae80a06e3\/version\/1279362796\/image.jpg 540w, https:\/\/image.jimcdn.com\/app\/cms\/image\/transf\/dimension=640x1024:format=jpg\/path\/s0d4a395bb0e5ab19\/image\/i2abe692ae80a06e3\/version\/1279362796\/image.jpg 640w, https:\/\/image.jimcdn.com\/app\/cms\/image\/transf\/none\/path\/s0d4a395bb0e5ab19\/image\/i2abe692ae80a06e3\/version\/1279362796\/image.jpg 800w\" alt=\"MFC Bad Schwartau\" data-src-width=\"800\" data-src-height=\"307\" data-src=\"https:\/\/image.jimcdn.com\/app\/cms\/image\/transf\/dimension=540x1024:format=jpg\/path\/s0d4a395bb0e5ab19\/image\/i2abe692ae80a06e3\/version\/1279362796\/image.jpg\" data-image-id=\"1238269750\" \/>\r\n<p>&nbsp;<\/p>\r\n<figcaption style=\"width: 540px;\">MFC Bad Schwartau<\/figcaption>\r\n<\/figure>\r\n<div>\r\n<div id=\"cc-m-textwithimage-1610316050\" class=\"cc-m-textwithimage-inline-rte\" data-name=\"text\" data-action=\"text\">\r\n<p><span style=\"color: #000000;\"><a href=\"https:\/\/www.pano.szenerien.de\/wordpress\/wp-content\/Szenerie-Installationen\/Reflex%20XTR\/MFC-Bad%20Schwartau\/MFC_Bad_Schwartau.zip\" target=\"_blank\" rel=\"noopener noreferrer\"><strong>MFC Bad Schwartau<\/strong><\/a><\/span><\/p>\r\n<p>Der neue Platz des MFC Bad Schwartau ist erst im Entstehen.<br \/>Lage: L. 10,555 B: 53,898<br \/>Die Piste verl\u00e4uft in Ost-West-Richtung (die linke Seite der Szenerie<br \/>ist die Ost-Seite).<br \/>L\u00e4nge: ca. 200m Breite: ca. 175m Fl\u00e4che: ca. 2,7 ha<\/p>\r\n<p>Anfahrt:<br \/>Durch M\u00f6nkhagen durchfahren (Strecke L\u00fcbeck-Stockelsdorf). Am Hofladen &#8222;Kurt Milch&#8220; (auf der linken Stra\u00dfenseite) vorbeifahren. Direkt dahinter nach links in einen kleinen Feldweg einbiegen. Hier<br \/>seht ihr eine Pappelallee. Zum Zeitpunkt der Aufnahme musste man beim Durchfahrtsverbotsschild halten.<br \/>F\u00fcr die Fotogenehmigung danke ich dem Vorsitzenden, Herrn Uwe Windt, sehr herzlich.<\/p>\r\n<\/div>\r\n<\/div>\r\n<div class=\"cc-clear\">\u00a0<\/div>\r\n<\/div>\r\n<div id=\"cc-m-1610323150\" class=\"j-module n j-hr \">\u00a0<\/div>\r\n<div id=\"cc-m-1610328850\" class=\"j-module n j-textWithImage \">\r\n<figure class=\"cc-imagewrapper cc-m-image-align-1\"><img decoding=\"async\" id=\"cc-m-textwithimage-image-1610328850\" class=\"\" src=\".\/Reflex-RSK-Szenerien - sceneriess jimdo page!_files\/image(14).jpg\" sizes=\"(min-width: 540px) 540px, 100vw\" srcset=\"https:\/\/image.jimcdn.com\/app\/cms\/image\/transf\/dimension=320x1024:format=jpg\/path\/s0d4a395bb0e5ab19\/image\/icbaa375b24245d89\/version\/1279362796\/image.jpg 320w, https:\/\/image.jimcdn.com\/app\/cms\/image\/transf\/dimension=540x1024:format=jpg\/path\/s0d4a395bb0e5ab19\/image\/icbaa375b24245d89\/version\/1279362796\/image.jpg 540w, https:\/\/image.jimcdn.com\/app\/cms\/image\/transf\/dimension=640x1024:format=jpg\/path\/s0d4a395bb0e5ab19\/image\/icbaa375b24245d89\/version\/1279362796\/image.jpg 640w, https:\/\/image.jimcdn.com\/app\/cms\/image\/transf\/none\/path\/s0d4a395bb0e5ab19\/image\/icbaa375b24245d89\/version\/1279362796\/image.jpg 800w\" alt=\"Schneeszenerie\" data-src-width=\"800\" data-src-height=\"307\" data-src=\"https:\/\/image.jimcdn.com\/app\/cms\/image\/transf\/dimension=540x1024:format=jpg\/path\/s0d4a395bb0e5ab19\/image\/icbaa375b24245d89\/version\/1279362796\/image.jpg\" data-image-id=\"1238278450\" \/>\r\n<p>&nbsp;<\/p>\r\n<figcaption style=\"width: 540px;\">Schneeszenerie<\/figcaption>\r\n<\/figure>\r\n<div>\r\n<div id=\"cc-m-textwithimage-1610328850\" class=\"cc-m-textwithimage-inline-rte\" data-name=\"text\" data-action=\"text\">\r\n<p><span style=\"color: #000000;\"><a href=\"https:\/\/www.pano.szenerien.de\/wordpress\/wp-content\/Szenerie-Installationen\/Reflex%20XTR\/Schnee-Szenerie\/Schnee-Szenerie.zip\" target=\"_blank\" rel=\"noopener noreferrer\"><strong>Aero-Club Bad Oldesloe e.V.<br \/>&#8222;Schneeszenerie&#8220;<\/strong><\/a><\/span><\/p>\r\n<p>Die erste, mit dem (und f\u00fcr das) RSK (Reflex-Szenerie-Konstruktionsprogramm)<br \/>erstellte Szenerie habe ich am zweiten Weihnachtstag 2006 bei herrlich klarem Winterwetter mit meiner Olympus C 5050 Camedia aufgenommen.<br \/>Die Crashobjekte hat Zinn mit viel Akribie an die Platzverh\u00e4ltnisse angepasst. Dazu waren viele E-Mails und Testfl\u00fcge n\u00f6tig, um die reale Entfernung der Objekte nachzubilden.<\/p>\r\n<p>Das besondere Highlight: Ein Messerflug hinter der Buschreihe parallel zum Wald!<\/p>\r\n<p>&nbsp;<\/p>\r\n<p>Diese Szenerie habe ich nun in maximaler Aufl\u00f6sung neu gestitcht und Alan zur Bearbeitung mit dem Phoenix-Creator zur Verf\u00fcgung gestellt. Sobald sie fertig ist, wird sie im Phoenix-Teil zum<br \/>Download bereit stehen.<\/p>\r\n<\/div>\r\n<\/div>\r\n<div class=\"cc-clear\">\u00a0<\/div>\r\n<\/div>\r\n<div id=\"cc-m-1610337950\" class=\"j-module n j-hr \">\u00a0<\/div>\r\n<div id=\"cc-m-1610338050\" class=\"j-module n j-textWithImage \">\r\n<figure class=\"cc-imagewrapper cc-m-image-align-1\"><img decoding=\"async\" id=\"cc-m-textwithimage-image-1610338050\" class=\"\" src=\".\/Reflex-RSK-Szenerien - sceneriess jimdo page!_files\/image(15).jpg\" sizes=\"(min-width: 540px) 540px, 100vw\" srcset=\"https:\/\/image.jimcdn.com\/app\/cms\/image\/transf\/dimension=320x1024:format=jpg\/path\/s0d4a395bb0e5ab19\/image\/i3d87163f56946181\/version\/1279362796\/image.jpg 320w, https:\/\/image.jimcdn.com\/app\/cms\/image\/transf\/dimension=540x1024:format=jpg\/path\/s0d4a395bb0e5ab19\/image\/i3d87163f56946181\/version\/1279362796\/image.jpg 540w, https:\/\/image.jimcdn.com\/app\/cms\/image\/transf\/dimension=640x1024:format=jpg\/path\/s0d4a395bb0e5ab19\/image\/i3d87163f56946181\/version\/1279362796\/image.jpg 640w, https:\/\/image.jimcdn.com\/app\/cms\/image\/transf\/none\/path\/s0d4a395bb0e5ab19\/image\/i3d87163f56946181\/version\/1279362796\/image.jpg 800w\" alt=\"St. Peter-Ording mit Regenfront\" data-src-width=\"800\" data-src-height=\"307\" data-src=\"https:\/\/image.jimcdn.com\/app\/cms\/image\/transf\/dimension=540x1024:format=jpg\/path\/s0d4a395bb0e5ab19\/image\/i3d87163f56946181\/version\/1279362796\/image.jpg\" data-image-id=\"1238283250\" \/>\r\n<p>&nbsp;<\/p>\r\n<figcaption style=\"width: 540px;\">St. Peter-Ording mit Regenfront<\/figcaption>\r\n<\/figure>\r\n<div>\r\n<div id=\"cc-m-textwithimage-1610338050\" class=\"cc-m-textwithimage-inline-rte\" data-name=\"text\" data-action=\"text\">\r\n<p><span style=\"color: #000000;\"><a href=\"https:\/\/www.pano.szenerien.de\/wordpress\/wp-content\/Szenerie-Installationen\/Reflex%20XTR\/St%20Peter%20Ording%20Regen\/StPeterOrding_Strand_mit_Regenfront.zip\" target=\"_blank\" rel=\"noopener noreferrer\"><strong>St.<br \/>Peter-Ording &#8211; Strand mit Regenfront<\/strong><\/a><\/span><\/p>\r\n<p>(Achtung: bitte neueste Reflex-Version benutzen, &gt;= 5.03.0)<\/p>\r\n<p>Die ersten beiden Szenerien waren bereits &#8222;im Kasten&#8220;, da entschloss ich mich, noch schnell eine Reihe vom Strand aufzunehmen. Die Markierungskugeln f\u00fcr die Vermessungspanos waren allerdings schon<br \/>wieder eingepackt, und so blieb mir nichts anderes \u00fcbrig, als es einmal ohne sie zu versuchen. Es fing schon an zu tr\u00f6pfeln, als ich mit den Aufnahmen durch war.<br \/>Bei der Szenerieerstellung konnte ich dank Hoddes &#8222;Kr\u00fccke&#8220;, dem Programm zur<br \/>Erzeugung von Punkten f\u00fcr die wlp-Datei, mit dieser einen Szenerie auskommen. Es ist aber schon mit viel Fummelei und Testen verbunden. Das diffuse Licht und die bedrohlich blau-grauen Wolken sind,<br \/>so meine ich, mal eine willkommene Abwechslung von den vielen Sch\u00f6nwetterszenerien.<\/p>\r\n<\/div>\r\n<\/div>\r\n<div class=\"cc-clear\">\u00a0<\/div>\r\n<\/div>\r\n<div id=\"cc-m-1610339950\" class=\"j-module n j-hr \">\u00a0<\/div>\r\n<div id=\"cc-m-1610340350\" class=\"j-module n j-textWithImage \">\r\n<figure class=\"cc-imagewrapper cc-m-image-align-1\"><img decoding=\"async\" id=\"cc-m-textwithimage-image-1610340350\" class=\"\" src=\".\/Reflex-RSK-Szenerien - sceneriess jimdo page!_files\/image(16).jpg\" sizes=\"(min-width: 540px) 540px, 100vw\" srcset=\"https:\/\/image.jimcdn.com\/app\/cms\/image\/transf\/dimension=320x1024:format=jpg\/path\/s0d4a395bb0e5ab19\/image\/i221b0e8077b68123\/version\/1279362796\/image.jpg 320w, https:\/\/image.jimcdn.com\/app\/cms\/image\/transf\/dimension=540x1024:format=jpg\/path\/s0d4a395bb0e5ab19\/image\/i221b0e8077b68123\/version\/1279362796\/image.jpg 540w, https:\/\/image.jimcdn.com\/app\/cms\/image\/transf\/dimension=640x1024:format=jpg\/path\/s0d4a395bb0e5ab19\/image\/i221b0e8077b68123\/version\/1279362796\/image.jpg 640w, https:\/\/image.jimcdn.com\/app\/cms\/image\/transf\/none\/path\/s0d4a395bb0e5ab19\/image\/i221b0e8077b68123\/version\/1279362796\/image.jpg 800w\" alt=\"Stormarnhalle\" data-src-width=\"800\" data-src-height=\"307\" data-src=\"https:\/\/image.jimcdn.com\/app\/cms\/image\/transf\/dimension=540x1024:format=jpg\/path\/s0d4a395bb0e5ab19\/image\/i221b0e8077b68123\/version\/1279362796\/image.jpg\" data-image-id=\"1238284950\" \/>\r\n<p>&nbsp;<\/p>\r\n<figcaption style=\"width: 540px;\">Stormarnhalle<\/figcaption>\r\n<\/figure>\r\n<div>\r\n<div id=\"cc-m-textwithimage-1610340350\" class=\"cc-m-textwithimage-inline-rte\" data-name=\"text\" data-action=\"text\">\r\n<p style=\"text-align: left;\"><span style=\"color: #000000;\"><a href=\"https:\/\/www.pano.szenerien.de\/wordpress\/wp-content\/Szenerie-Installationen\/Reflex%20XTR\/Stormarnhalle\/Stormarnhalle.zip\" target=\"_blank\" rel=\"noopener noreferrer\"><strong>Sporthalle der<br \/>Stormarnschule in Ahrensburg<\/strong><\/a><\/span><\/p>\r\n<p style=\"text-align: left;\"><span style=\"color: #000000;\"><br \/>Auch in 2006 gab es wieder einige Hallenflug-Termine in der Stormarnhalle.<br \/>Auf der Webseite des Aero-Club-Bad Oldesloe wurden sie angek\u00fcndigt.<br \/>Die Aufnahmereihe f\u00fcr diese Szenerie entstand am 25.2.2006.<\/span><\/p>\r\n<p>Die RSK-Bearbeitung hat diesesmal Horst \u00fcbernommen, der sogar ein eigenes Programm geschrieben hat, mit dem die Erstellung der Punkte, die f\u00fcr die vielen F\u00e4chen ben\u00f6tigt werden, vereinfacht wird.<br \/>(RSKr\u00fccke).<\/p>\r\n<p><span style=\"color: #000000;\">\u00a0<\/span><\/p>\r\n<\/div>\r\n<\/div>\r\n<div class=\"cc-clear\">\u00a0<\/div>\r\n<\/div>\r\n<div id=\"cc-m-1610361050\" class=\"j-module n j-hr \">\u00a0<\/div>\r\n<div id=\"cc-m-1610361350\" class=\"j-module n j-textWithImage \">\r\n<figure class=\"cc-imagewrapper cc-m-image-align-1\"><img decoding=\"async\" id=\"cc-m-textwithimage-image-1610361350\" class=\"\" src=\".\/Reflex-RSK-Szenerien - sceneriess jimdo page!_files\/image(17).jpg\" sizes=\"(min-width: 540px) 540px, 100vw\" srcset=\"https:\/\/image.jimcdn.com\/app\/cms\/image\/transf\/dimension=320x1024:format=jpg\/path\/s0d4a395bb0e5ab19\/image\/ib7460b91962f6cd5\/version\/1279362796\/image.jpg 320w, https:\/\/image.jimcdn.com\/app\/cms\/image\/transf\/dimension=540x1024:format=jpg\/path\/s0d4a395bb0e5ab19\/image\/ib7460b91962f6cd5\/version\/1279362796\/image.jpg 540w, https:\/\/image.jimcdn.com\/app\/cms\/image\/transf\/dimension=640x1024:format=jpg\/path\/s0d4a395bb0e5ab19\/image\/ib7460b91962f6cd5\/version\/1279362796\/image.jpg 640w, https:\/\/image.jimcdn.com\/app\/cms\/image\/transf\/none\/path\/s0d4a395bb0e5ab19\/image\/ib7460b91962f6cd5\/version\/1279362796\/image.jpg 800w\" alt=\"Wiese bei Bargteheide 01\" data-src-width=\"800\" data-src-height=\"307\" data-src=\"https:\/\/image.jimcdn.com\/app\/cms\/image\/transf\/dimension=540x1024:format=jpg\/path\/s0d4a395bb0e5ab19\/image\/ib7460b91962f6cd5\/version\/1279362796\/image.jpg\" data-image-id=\"1238298950\" \/>\r\n<p>&nbsp;<\/p>\r\n<figcaption style=\"width: 540px;\">Wiese bei Bargteheide 01<\/figcaption>\r\n<\/figure>\r\n<div>\r\n<div id=\"cc-m-textwithimage-1610361350\" class=\"cc-m-textwithimage-inline-rte\" data-name=\"text\" data-action=\"text\">\r\n<p><span style=\"color: #000000;\"><a href=\"https:\/\/www.pano.szenerien.de\/wordpress\/wp-content\/Szenerie-Installationen\/Reflex%20XTR\/Wiese%20bei%20Bargteheide_01\/Wiese_bei_Bargteheide_01.zip\" target=\"_blank\" rel=\"noopener noreferrer\"><strong>Wiese bei<br \/>Bargteheide<\/strong><\/a><\/span><\/p>\r\n<p>Zwischen 19.00 und 20.00 Uhr entstand die Fotoreihe zu dieser Wiesen-Szenerie.<br \/>Schon bald waren die Sch\u00e4fchenwolken von der herannahenden Regenwolke &#8211; (Altostratus?) &#8211; vertrieben und ich war froh, alle drei Panoramareihen von je 48 Bildern &#8222;im Kasten&#8220; zu haben.<br \/>Dazu kommen dann immer noch einige Unter- und \u00dcberbelichtungen, damit f\u00fcr&#8217;s Retuschieren noch Material vorhanden ist.<br \/>Als Kamerastandort habe ich bewu\u00dft diese Stelle des Wiesenrands gew\u00e4hlt. Durch die \u00c4ste der Buschreihe hindurch ist das Modell (z.B. bei einer Au\u00dfenlandung auf der benachbarten Wiese) noch gut zu<br \/>erkennen.<\/p>\r\n<\/div>\r\n<\/div>\r\n<div class=\"cc-clear\">\u00a0<\/div>\r\n<\/div>\r\n<div id=\"cc-m-1610371150\" class=\"j-module n j-hr \">\u00a0<\/div>\r\n<div id=\"cc-m-1610371550\" class=\"j-module n j-textWithImage \">\r\n<figure class=\"cc-imagewrapper cc-m-image-align-1\"><img decoding=\"async\" id=\"cc-m-textwithimage-image-1610371550\" class=\"\" src=\".\/Reflex-RSK-Szenerien - sceneriess jimdo page!_files\/image(18).jpg\" sizes=\"(min-width: 540px) 540px, 100vw\" srcset=\"https:\/\/image.jimcdn.com\/app\/cms\/image\/transf\/dimension=320x1024:format=jpg\/path\/s0d4a395bb0e5ab19\/image\/ie0abdee8d018a1cb\/version\/1279362796\/image.jpg 320w, https:\/\/image.jimcdn.com\/app\/cms\/image\/transf\/dimension=540x1024:format=jpg\/path\/s0d4a395bb0e5ab19\/image\/ie0abdee8d018a1cb\/version\/1279362796\/image.jpg 540w, https:\/\/image.jimcdn.com\/app\/cms\/image\/transf\/dimension=640x1024:format=jpg\/path\/s0d4a395bb0e5ab19\/image\/ie0abdee8d018a1cb\/version\/1279362796\/image.jpg 640w, https:\/\/image.jimcdn.com\/app\/cms\/image\/transf\/none\/path\/s0d4a395bb0e5ab19\/image\/ie0abdee8d018a1cb\/version\/1279362796\/image.jpg 800w\" alt=\"Wiese bei Bargteheide 02\" data-src-width=\"800\" data-src-height=\"307\" data-src=\"https:\/\/image.jimcdn.com\/app\/cms\/image\/transf\/dimension=540x1024:format=jpg\/path\/s0d4a395bb0e5ab19\/image\/ie0abdee8d018a1cb\/version\/1279362796\/image.jpg\" data-image-id=\"1238303850\" \/>\r\n<p>&nbsp;<\/p>\r\n<figcaption style=\"width: 540px;\">Wiese bei Bargteheide 02<\/figcaption>\r\n<\/figure>\r\n<div>\r\n<div id=\"cc-m-textwithimage-1610371550\" class=\"cc-m-textwithimage-inline-rte\" data-name=\"text\" data-action=\"text\">\r\n<p><span style=\"color: #000000;\"><strong><a href=\"https:\/\/www.pano.szenerien.de\/wordpress\/wp-content\/Szenerie-Installationen\/Reflex%20XTR\/Wiese%20bei%20Bargteheide_02\/Wiese_bei_Bargteheide_02.zip\" target=\"_blank\" rel=\"noopener noreferrer\">Wiese bei Bargteheide<br \/>2<\/a><\/strong><\/span><\/p>\r\n<p><span style=\"color: #000000;\"><br \/>Hier ist nun die zweite Version der Wiesen-Szenerie! Der erste, richtig warme Fr\u00fchlingstag in diesem Jahr lockte mich wieder an den bekannten Ort. Gerade war das Stativ aufgebaut, rauschte schon der<br \/>Bauer mit seinem Trecker heran. Zum Gl\u00fcck erlaubte er mir, dort zu fotografieren, und da ich nun meinen Standort markiert habe, wird es bestimmt noch ein paar weitere Szenerien dieser sch\u00f6nen Wiese<br \/>geben.<\/span><\/p>\r\n<\/div>\r\n<\/div>\r\n<div class=\"cc-clear\">\u00a0<\/div>\r\n<\/div>\r\n<div id=\"cc-m-1692983850\" class=\"j-module n j-hr \">\u00a0<\/div>\r\n<div id=\"cc-m-1692899750\" class=\"j-module n j-textWithImage \">\r\n<figure class=\"cc-imagewrapper cc-m-image-align-1\"><img decoding=\"async\" id=\"cc-m-textwithimage-image-1692899750\" class=\"\" src=\".\/Reflex-RSK-Szenerien - sceneriess jimdo page!_files\/image(19).jpg\" sizes=\"(min-width: 540px) 540px, 100vw\" srcset=\"https:\/\/image.jimcdn.com\/app\/cms\/image\/transf\/dimension=320x1024:format=jpg\/path\/s0d4a395bb0e5ab19\/image\/id8cbbc107e7af938\/version\/1279362796\/image.jpg 320w, https:\/\/image.jimcdn.com\/app\/cms\/image\/transf\/dimension=540x1024:format=jpg\/path\/s0d4a395bb0e5ab19\/image\/id8cbbc107e7af938\/version\/1279362796\/image.jpg 540w, https:\/\/image.jimcdn.com\/app\/cms\/image\/transf\/dimension=640x1024:format=jpg\/path\/s0d4a395bb0e5ab19\/image\/id8cbbc107e7af938\/version\/1279362796\/image.jpg 640w, https:\/\/image.jimcdn.com\/app\/cms\/image\/transf\/none\/path\/s0d4a395bb0e5ab19\/image\/id8cbbc107e7af938\/version\/1279362796\/image.jpg 800w\" alt=\"St. Peter-Ording D\u00fcnenhangflug\" data-src-width=\"800\" data-src-height=\"307\" data-src=\"https:\/\/image.jimcdn.com\/app\/cms\/image\/transf\/dimension=540x1024:format=jpg\/path\/s0d4a395bb0e5ab19\/image\/id8cbbc107e7af938\/version\/1279362796\/image.jpg\" data-image-id=\"1293772650\" \/>\r\n<p>&nbsp;<\/p>\r\n<figcaption style=\"width: 540px;\">St. Peter-Ording D\u00fcnenhangflug<\/figcaption>\r\n<\/figure>\r\n<div>\r\n<div id=\"cc-m-textwithimage-1692899750\" class=\"cc-m-textwithimage-inline-rte\" data-name=\"text\" data-action=\"text\">\r\n<p><a href=\"https:\/\/www.pano.szenerien.de\/wordpress\/wp-content\/Szenerie-Installationen\/Reflex%20XTR\/St%20Peter%20Ording%20D%C3%BCnenhangflug\/StPeterOrding-Duene.zip\" target=\"_blank\" rel=\"noopener noreferrer\"><strong>St. Peter-Ording D\u00fcnenhangflug<\/strong><\/a><\/p>\r\n<\/div>\r\n<\/div>\r\n<\/div>\r\n<\/div>\r\n<\/div>\r\n<\/div>\r\n<\/div>\r\n<\/div>\r\n\r\n<p><script async=\"\" src=\"\/\/pagead2.googlesyndication.com\/pagead\/js\/adsbygoogle.js\"><\/script><\/p>\r\n\r\n\r\n\r\n<p><script>\r\n     (adsbygoogle = window.adsbygoogle || []).push({\r\n          google_ad_client: \"ca-pub-7904391862448978\",\r\n          enable_page_level_ads: true\r\n     });\r\n<\/script><\/p>\r\n\r\n\r\n<hr class=\"wp-block-separator\" \/>\r\n<p>&nbsp;<\/p>","protected":false},"excerpt":{"rendered":"<p>\u00a0 Eine schmale Stra\u00dfe Starten und Landen auf einer 4,50 m schmalen Asphaltstra\u00dfe. Mit dieser Szenerie &#8222;Sensenm\u00fchle&#8220; kann man das mit den Reflex-Modellen \u00fcben. Und das ist, wie ich schnell gemerkt habe, gar nicht so einfach. Die Richtung mit dem Seitenruder halten ist besonders bei Seitenwind n\u00f6tig. Wenn das Modell hinter dich abgetrieben wird,\u00a0 verschwindet &hellip; <\/p>\n<p><a class=\"more-link btn\" href=\"https:\/\/pano.szenerien.de\/wordpress\/2017\/02\/jimdo-reflex\/\">Weiterlesen<\/a><\/p>\n","protected":false},"author":1,"featured_media":0,"comment_status":"closed","ping_status":"closed","sticky":false,"template":"","format":"standard","meta":{"footnotes":""},"categories":[1],"tags":[],"class_list":["post-202","post","type-post","status-publish","format-standard","hentry","category-allgemein","item-wrap"],"_links":{"self":[{"href":"https:\/\/pano.szenerien.de\/wordpress\/wp-json\/wp\/v2\/posts\/202","targetHints":{"allow":["GET"]}}],"collection":[{"href":"https:\/\/pano.szenerien.de\/wordpress\/wp-json\/wp\/v2\/posts"}],"about":[{"href":"https:\/\/pano.szenerien.de\/wordpress\/wp-json\/wp\/v2\/types\/post"}],"author":[{"embeddable":true,"href":"https:\/\/pano.szenerien.de\/wordpress\/wp-json\/wp\/v2\/users\/1"}],"replies":[{"embeddable":true,"href":"https:\/\/pano.szenerien.de\/wordpress\/wp-json\/wp\/v2\/comments?post=202"}],"version-history":[{"count":47,"href":"https:\/\/pano.szenerien.de\/wordpress\/wp-json\/wp\/v2\/posts\/202\/revisions"}],"predecessor-version":[{"id":1225,"href":"https:\/\/pano.szenerien.de\/wordpress\/wp-json\/wp\/v2\/posts\/202\/revisions\/1225"}],"wp:attachment":[{"href":"https:\/\/pano.szenerien.de\/wordpress\/wp-json\/wp\/v2\/media?parent=202"}],"wp:term":[{"taxonomy":"category","embeddable":true,"href":"https:\/\/pano.szenerien.de\/wordpress\/wp-json\/wp\/v2\/categories?post=202"},{"taxonomy":"post_tag","embeddable":true,"href":"https:\/\/pano.szenerien.de\/wordpress\/wp-json\/wp\/v2\/tags?post=202"}],"curies":[{"name":"wp","href":"https:\/\/api.w.org\/{rel}","templated":true}]}}